{"id":71981,"date":"2013-09-16T08:24:21","date_gmt":"2013-09-16T11:24:21","guid":{"rendered":"http:\/\/www.r2cpress.com.br\/v1\/?p=71981"},"modified":"2013-09-16T08:24:21","modified_gmt":"2013-09-16T11:24:21","slug":"aposentados-e-pensionistas-da-ceplac-atencao","status":"publish","type":"post","link":"https:\/\/www.r2cpress.com.br\/v1\/2013\/09\/16\/aposentados-e-pensionistas-da-ceplac-atencao\/","title":{"rendered":"APOSENTADOS E PENSIONISTAS DA CEPLAC &#8211; ATEN\u00c7\u00c3O !!!!!!!!!!"},"content":{"rendered":"<p><b>A DIVIS\u00c3O DE ADMINISTRA\u00c7\u00c3O E APOIO OPERACIONAL DA SUPERINTEND\u00caNCIA DE DESENVOLVIMENTO REGIONAL DO ESTADO DA BAHIA COMUNICA AOS INTERESSADOS ABAIXO QUE A FALTA DE ATUALIZA\u00c7\u00c3O CADASTRAL DE APOSENTADOS E PENSIONISTAS DA CEPLAC ENSEJAR\u00c1 A<span style=\"color: #ff0000;\"> SUSPENS\u00c3O DOS CR\u00c9DITOS DE SUAS APOSENTADORIAS E PENS\u00d5ES A PARTIR DO M\u00caS DE SETEMBRO 2013<\/span> E, VEM SOLICITAR O COMPARECIMENTO EM CAR\u00c1TER DE URG\u00caNCIA COM APRESENTA\u00c7\u00c3O DA DOCUMENTA\u00c7\u00c3O NECESS\u00c1RIA \u00c0 ATUALIZA\u00c7\u00c3O DOS DADOS CADASTRAIS, CONFORME DETERMINA A PORTARIA N\u00ba 8, DE 07 DE JANEIRO DE 2013 E ORIENTA\u00c7\u00c3O NORMATIVA N\u00ba 1, DE 10 DE JANEIRO DE 2013, NA\u00a0SE\u00c7\u00c3O DE ADMINISTRA\u00c7\u00c3O DE PESSOAL DA SUEBA, NAS GER\u00caNCIAS REGIONAIS DO MATO GROSSO, DO ESP\u00cdRITO SANTO, AMAZONAS E NAS UNIDADES DE PESSOAL DAS SUPERINTEND\u00caNCIAS DE DESENVOLVIMENTO REGIONAIS NOS ESTADOS DO PAR\u00c1 E ROND\u00d4NIA, BEM COMO NA SEDE DESTE \u00d3RG\u00c3O, NO DISTRITO FEDERAL.<\/b><b>\u00a0<\/b><\/p>\n<div id=\"attachment_71982\" style=\"width: 610px\" class=\"wp-caption aligncenter\"><a href=\"http:\/\/www.r2cpress.com.br\/v1\/wp-content\/uploads\/rela\u00e7\u00e3o-aposentados-e-pensionistas-ceplac_rezende.jpg\"><img aria-describedby=\"caption-attachment-71982\" loading=\"lazy\" class=\"size-full wp-image-71982\" alt=\".\" src=\"http:\/\/www.r2cpress.com.br\/v1\/wp-content\/uploads\/rela\u00e7\u00e3o-aposentados-e-pensionistas-ceplac_rezende.jpg\" width=\"600\" height=\"722\" srcset=\"https:\/\/www.r2cpress.com.br\/v1\/wp-content\/uploads\/rela\u00e7\u00e3o-aposentados-e-pensionistas-ceplac_rezende.jpg 600w, https:\/\/www.r2cpress.com.br\/v1\/wp-content\/uploads\/rela\u00e7\u00e3o-aposentados-e-pensionistas-ceplac_rezende-249x300.jpg 249w\" sizes=\"(max-width: 600px) 100vw, 600px\" \/><\/a><p id=\"caption-attachment-71982\" class=\"wp-caption-text\">.<\/p><\/div>\n<p style=\"text-align: left;\">&#8212;<\/p>\n<p style=\"text-align: left;\">REZENDE<\/p>\n","protected":false},"excerpt":{"rendered":"<p>A DIVIS\u00c3O DE ADMINISTRA\u00c7\u00c3O E APOIO OPERACIONAL DA SUPERINTEND\u00caNCIA DE DESENVOLVIMENTO REGIONAL DO ESTADO DA BAHIA COMUNICA AOS INTERESSADOS ABAIXO QUE A FALTA DE ATUALIZA\u00c7\u00c3O CADASTRAL DE APOSENTADOS E PENSIONISTAS DA CEPLAC ENSEJAR\u00c1 A SUSPENS\u00c3O DOS CR\u00c9DITOS DE SUAS APOSENTADORIAS E PENS\u00d5ES A PARTIR DO M\u00caS DE SETEMBRO 2013 E, VEM SOLICITAR O COMPARECIMENTO EM [&hellip;]<\/p>\n","protected":false},"author":2,"featured_media":0,"comment_status":"open","ping_status":"open","sticky":false,"template":"","format":"standard","meta":{"_links_to":"","_links_to_target":""},"categories":[10],"tags":[],"_links":{"self":[{"href":"https:\/\/www.r2cpress.com.br\/v1\/wp-json\/wp\/v2\/posts\/71981"}],"collection":[{"href":"https:\/\/www.r2cpress.com.br\/v1\/wp-json\/wp\/v2\/posts"}],"about":[{"href":"https:\/\/www.r2cpress.com.br\/v1\/wp-json\/wp\/v2\/types\/post"}],"author":[{"embeddable":true,"href":"https:\/\/www.r2cpress.com.br\/v1\/wp-json\/wp\/v2\/users\/2"}],"replies":[{"embeddable":true,"href":"https:\/\/www.r2cpress.com.br\/v1\/wp-json\/wp\/v2\/comments?post=71981"}],"version-history":[{"count":4,"href":"https:\/\/www.r2cpress.com.br\/v1\/wp-json\/wp\/v2\/posts\/71981\/revisions"}],"predecessor-version":[{"id":71986,"href":"https:\/\/www.r2cpress.com.br\/v1\/wp-json\/wp\/v2\/posts\/71981\/revisions\/71986"}],"wp:attachment":[{"href":"https:\/\/www.r2cpress.com.br\/v1\/wp-json\/wp\/v2\/media?parent=71981"}],"wp:term":[{"taxonomy":"category","embeddable":true,"href":"https:\/\/www.r2cpress.com.br\/v1\/wp-json\/wp\/v2\/categories?post=71981"},{"taxonomy":"post_tag","embeddable":true,"href":"https:\/\/www.r2cpress.com.br\/v1\/wp-json\/wp\/v2\/tags?post=71981"}],"curies":[{"name":"wp","href":"https:\/\/api.w.org\/{rel}","templated":true}]}}