{"id":71991,"date":"2013-09-16T08:48:30","date_gmt":"2013-09-16T11:48:30","guid":{"rendered":"http:\/\/www.r2cpress.com.br\/v1\/?p=71991"},"modified":"2013-09-16T08:49:18","modified_gmt":"2013-09-16T11:49:18","slug":"marinha-do-brasil-49","status":"publish","type":"post","link":"https:\/\/www.r2cpress.com.br\/v1\/2013\/09\/16\/marinha-do-brasil-49\/","title":{"rendered":"MARINHA DO BRASIL"},"content":{"rendered":"<p align=\"center\"><b>COMANDO DA MARINHA<\/b><\/p>\n<p align=\"center\"><strong>COMANDO DO SEGUNDO DISTRITO NAVAL<\/strong><\/p>\n<p align=\"center\"><strong>DELEGACIA DA CAPITANIA DOS PORTOS EM ILH\u00c9US<\/strong><b><\/b><\/p>\n<p align=\"center\"><b>AVISO DE LICITA\u00c7\u00c3O<\/b><\/p>\n<p align=\"center\"><b>\u00a0PREG\u00c3O N\u00ba 07\/2013 &#8211; UASG 782311<\/b><\/p>\n<p>N\u00ba Processo: 63122.000124\/2013-51. Objeto: Preg\u00e3o Eletr\u00f4nico \u2013 Registro de Pre\u00e7os visando a eventual contrata\u00e7\u00e3o do servi\u00e7o de manuten\u00e7\u00e3o e reparo de embarca\u00e7\u00f5es, para atender \u00e0s necessidades da Delegacia da Capitania dos Portos em Ilh\u00e9us e da Delegacia da Capitania dos Portos em Porto Seguro, de acordo as especifica\u00e7\u00f5es contidas no Termo de Refer\u00eancia n\u00ba 04\/2013 da Delegacia da Capitania dos Portos em Ilh\u00e9us (DelIlheus).<b><\/b><\/p>\n<p>Total de Itens Licitados: 12. Edital disponibilizado a partir: 13\/09\/2013, de 09h \u00e0s 11h e de 14h \u00e0s 17h. Endere\u00e7o: Rua Major Homem Del Rey, 217 &#8211; Cidade Nova Ilh\u00e9us \u2013 BA e no s\u00edtio <a href=\"http:\/\/www.comprasnet.gov.br\/\">www.comprasnet.gov.br<\/a>. Informa\u00e7\u00f5es pelos telefones (73) 3222-5106 e (73) 3222-5100.<\/p>\n<p>Entrega das Propostas: a partir de 13\/09\/2013, \u00e0s 09h no s\u00edtio www.comprasnet.gov.br.<\/p>\n<p>ABERTURA DAS PROPOSTAS em 26\/09\/2013, \u00e0s 10h, e IN\u00cdCIO DA SESS\u00c3O DE LANCES em 26\/09\/2013, \u00e0s 10h (hor\u00e1rio de Bras\u00edlia), no s\u00edtio www.comprasnet.gov.br. Informa\u00e7\u00f5es Gerais: Havendo discrep\u00e2ncia entre as informa\u00e7\u00f5es do comprasnet e as do edital prevalecer\u00e3o as do edital.<\/p>\n<p align=\"center\">Ilh\u00e9us \u2013 BA, 13 de setembro de 2013<\/p>\n<p align=\"center\">Alexandre de Almeida Souza<\/p>\n<p style=\"text-align: center;\">Pregoeiro<\/p>\n","protected":false},"excerpt":{"rendered":"<p>COMANDO DA MARINHA COMANDO DO SEGUNDO DISTRITO NAVAL DELEGACIA DA CAPITANIA DOS PORTOS EM ILH\u00c9US AVISO DE LICITA\u00c7\u00c3O \u00a0PREG\u00c3O N\u00ba 07\/2013 &#8211; UASG 782311 N\u00ba Processo: 63122.000124\/2013-51. Objeto: Preg\u00e3o Eletr\u00f4nico \u2013 Registro de Pre\u00e7os visando a eventual contrata\u00e7\u00e3o do servi\u00e7o de manuten\u00e7\u00e3o e reparo de embarca\u00e7\u00f5es, para atender \u00e0s necessidades da Delegacia da Capitania dos [&hellip;]<\/p>\n","protected":false},"author":2,"featured_media":0,"comment_status":"open","ping_status":"open","sticky":false,"template":"","format":"standard","meta":{"_links_to":"","_links_to_target":""},"categories":[18],"tags":[],"_links":{"self":[{"href":"https:\/\/www.r2cpress.com.br\/v1\/wp-json\/wp\/v2\/posts\/71991"}],"collection":[{"href":"https:\/\/www.r2cpress.com.br\/v1\/wp-json\/wp\/v2\/posts"}],"about":[{"href":"https:\/\/www.r2cpress.com.br\/v1\/wp-json\/wp\/v2\/types\/post"}],"author":[{"embeddable":true,"href":"https:\/\/www.r2cpress.com.br\/v1\/wp-json\/wp\/v2\/users\/2"}],"replies":[{"embeddable":true,"href":"https:\/\/www.r2cpress.com.br\/v1\/wp-json\/wp\/v2\/comments?post=71991"}],"version-history":[{"count":4,"href":"https:\/\/www.r2cpress.com.br\/v1\/wp-json\/wp\/v2\/posts\/71991\/revisions"}],"predecessor-version":[{"id":71996,"href":"https:\/\/www.r2cpress.com.br\/v1\/wp-json\/wp\/v2\/posts\/71991\/revisions\/71996"}],"wp:attachment":[{"href":"https:\/\/www.r2cpress.com.br\/v1\/wp-json\/wp\/v2\/media?parent=71991"}],"wp:term":[{"taxonomy":"category","embeddable":true,"href":"https:\/\/www.r2cpress.com.br\/v1\/wp-json\/wp\/v2\/categories?post=71991"},{"taxonomy":"post_tag","embeddable":true,"href":"https:\/\/www.r2cpress.com.br\/v1\/wp-json\/wp\/v2\/tags?post=71991"}],"curies":[{"name":"wp","href":"https:\/\/api.w.org\/{rel}","templated":true}]}}