{"id":71997,"date":"2013-09-16T10:31:23","date_gmt":"2013-09-16T13:31:23","guid":{"rendered":"http:\/\/www.r2cpress.com.br\/v1\/?p=71997"},"modified":"2013-09-16T10:32:03","modified_gmt":"2013-09-16T13:32:03","slug":"luiz-castro-em-decolores-100","status":"publish","type":"post","link":"https:\/\/www.r2cpress.com.br\/v1\/2013\/09\/16\/luiz-castro-em-decolores-100\/","title":{"rendered":"Luiz Castro em: DECOLORES"},"content":{"rendered":"<h4 style=\"text-align: center;\"><strong>\u201cNaquela mesa est\u00e1 faltando ele e a saudade dele esta doendo em mim\u201d (em n\u00f3s).<\/strong><\/h4>\n<p><img loading=\"lazy\" class=\"alignleft\" alt=\"\" src=\"http:\/\/www.r2cpress.com.br\/v1\/wp-content\/uploads\/luiz-castro1.jpg\" width=\"300\" height=\"118\" \/><strong>MINHA V\u00c9IA<\/strong> &#8211; \u00a0O poeta Vinicius Moraes certa vez escreveu que \u201cum dia a maioria de n\u00f3s ir\u00e1 se separar. Sentiremos saudades de todas as conversas jogadas fora, as descobertas que fizemos dos sonhos que tivemos, dos tantos risos e momentos que compartilhamos. Saudades at\u00e9 dos momentos de l\u00e1grima, da angustia, das v\u00e9speras de finais de semanas, de finais de ano, enfim&#8230; do companheirismo vivido&#8230;\u201d<\/p>\n<p>Lourencinho foi para todos e em especial para os componente da Galera do Zequito`s mais que um amigo, um verdadeiro irm\u00e3o. Pois assim ele nomeou Felix Paiva seu irm\u00e3o mais velho e Manoel Felipe seu pai adotivo e os demais amigos ele ofertou seu afeto e carinho.<\/p>\n<p>Durante sua vida profissional cumpriu com galhardia suas tarefas \u00a0no Banco Econ\u00f4mico, Casa Forte, Soma e Hospital S\u00e3o Jos\u00e9.<\/p>\n<p>Ele tinha um senso de humor formid\u00e1vel, estava sempre alegre, bem humorado com a vida. Quando passava uma cabrocha que o chamasse aten\u00e7\u00e3o ele dizia: Papai est\u00e1 aqui&#8230;<\/p>\n<p><!--more--><\/p>\n<p>Quando algu\u00e9m lhe inclu\u00eda em determina historia que n\u00e3o lhe agrava, dizia: Papai n\u00e3o trabalha nesta \u00e1rea&#8230;<\/p>\n<p>Em outras ocasi\u00f5es quando algu\u00e9m lhe abusava com algum serm\u00e3o sobre sua vida, ele dizia: N\u00e3o me acompanhe que eu n\u00e3o sou novela; n\u00e3o encoste em mim que n\u00e3o sou INPS e nem pegue em mim que eu n\u00e3o sou pu..<\/p>\n<p>Durante sua trajet\u00f3ria de vida, v\u00e1rios amigos lhe foram solid\u00e1rios a exemplo de Felix Paiva que sempre o levava em suas viagens para v\u00e1rias cidades do Brasil, sem \u00f4nus financeiro para o mesmo, no intuito de lhe proporcionar momentos de alegria e terapia ocupacional, vez que estava aposentado.<\/p>\n<p>Na verdade Lourencinho voc\u00ea marcou muito nossas vidas, pens\u00e1vamos que ir\u00edamos desfrutar de sua amizade para sempre, por\u00e9m sabemos que a nossa vida \u00e9 apenas uma passagem ef\u00eamera no tempo e no espa\u00e7o. N\u00e3o somos dono de nada, tudo pertence a cria\u00e7\u00e3o de Deus, \u00e0 natureza. Estamos aqui s\u00f3 de passagem. O aqui e agora \u00e9 apenas uma pousada.\u00a0 Somos apenas caminheiros. Caminhamos para o pai que nos espera, e como caminheiros temos tamb\u00e9m os nossos irm\u00e3os de jornada, a quem devemos am\u00e1-los, como amamos voc\u00ea.<\/p>\n<p>A saudade vai apertar, bem dentro do nosso peito. Vai dar uma vontade de ligar para voc\u00ea, ouvir sua voz novamente&#8230; O nosso grupo agora estar incompleto, contudo jamais lhe esqueceremos \u00a0Minha Lerem. Estaremos sempre reunidos para relembrar aqueles momentos alegres que passamos juntos, ouvindo aquela velha frase: Papai est\u00e1 aqui!!!! E entre l\u00e1grimas nos abra\u00e7aremos.<\/p>\n<p>Sua figura assemelhou-se aos pensamentos do grande fil\u00f3sofo Beecher: \u201cDEPOIS QUE O SOL DESAPARECE NO HORIZONTE, O C\u00c9U AINDA BRILHA POR UMA HORA INTEIRA. QUANDO UM HOMEM BOM DESAPARECE, O C\u00c9U DESTE MUNDO AINDA CONTINUA ILUMINADO POR MUITO TEMPO, DEPOIS DE SUA PARTIDA.<\/p>\n<p>A FIGURA DE UM HOMEM ASSIM N\u00c3O SE APAGA DESTE MUNDO. QUANDO VAI, DEIXA NA TERRA MUITO DE SI. ESTANDO MORTO, AINDA FALA.<\/p>\n<p>Pai, \u00a0dai-nos a Paz. Fortalecei a nossa f\u00e9. A f\u00e9 \u00e9 a energia de que precisamos para o nosso encontro no infinito, no absoluto.<\/p>\n<p>Luiz Castro<\/p>\n<p>Participante da Galera do Zequito\u00b4s<\/p>\n","protected":false},"excerpt":{"rendered":"<p>\u201cNaquela mesa est\u00e1 faltando ele e a saudade dele esta doendo em mim\u201d (em n\u00f3s). MINHA V\u00c9IA &#8211; \u00a0O poeta Vinicius Moraes certa vez escreveu que \u201cum dia a maioria de n\u00f3s ir\u00e1 se separar. Sentiremos saudades de todas as conversas jogadas fora, as descobertas que fizemos dos sonhos que tivemos, dos tantos risos e [&hellip;]<\/p>\n","protected":false},"author":2,"featured_media":0,"comment_status":"open","ping_status":"open","sticky":false,"template":"","format":"standard","meta":{"_links_to":"","_links_to_target":""},"categories":[10],"tags":[],"_links":{"self":[{"href":"https:\/\/www.r2cpress.com.br\/v1\/wp-json\/wp\/v2\/posts\/71997"}],"collection":[{"href":"https:\/\/www.r2cpress.com.br\/v1\/wp-json\/wp\/v2\/posts"}],"about":[{"href":"https:\/\/www.r2cpress.com.br\/v1\/wp-json\/wp\/v2\/types\/post"}],"author":[{"embeddable":true,"href":"https:\/\/www.r2cpress.com.br\/v1\/wp-json\/wp\/v2\/users\/2"}],"replies":[{"embeddable":true,"href":"https:\/\/www.r2cpress.com.br\/v1\/wp-json\/wp\/v2\/comments?post=71997"}],"version-history":[{"count":7,"href":"https:\/\/www.r2cpress.com.br\/v1\/wp-json\/wp\/v2\/posts\/71997\/revisions"}],"predecessor-version":[{"id":72004,"href":"https:\/\/www.r2cpress.com.br\/v1\/wp-json\/wp\/v2\/posts\/71997\/revisions\/72004"}],"wp:attachment":[{"href":"https:\/\/www.r2cpress.com.br\/v1\/wp-json\/wp\/v2\/media?parent=71997"}],"wp:term":[{"taxonomy":"category","embeddable":true,"href":"https:\/\/www.r2cpress.com.br\/v1\/wp-json\/wp\/v2\/categories?post=71997"},{"taxonomy":"post_tag","embeddable":true,"href":"https:\/\/www.r2cpress.com.br\/v1\/wp-json\/wp\/v2\/tags?post=71997"}],"curies":[{"name":"wp","href":"https:\/\/api.w.org\/{rel}","templated":true}]}}