{"id":72005,"date":"2013-09-16T11:20:09","date_gmt":"2013-09-16T14:20:09","guid":{"rendered":"http:\/\/www.r2cpress.com.br\/v1\/?p=72005"},"modified":"2013-09-16T11:20:09","modified_gmt":"2013-09-16T14:20:09","slug":"aabbilheus-final-do-campeonato-senior","status":"publish","type":"post","link":"https:\/\/www.r2cpress.com.br\/v1\/2013\/09\/16\/aabbilheus-final-do-campeonato-senior\/","title":{"rendered":"AABB\/ILH\u00c9US &#8211; FINAL DO CAMPEONATO SENIOR"},"content":{"rendered":"<p>O Vit\u00f3ria ap\u00f3s vencer o time da Locadora Reis pelo placar de 3 x 0  sagrou-se Campe\u00e3o do certame.<\/p>\n<p><strong>VIT\u00d3RIA:<\/strong> Caic, J \u00c1vila, Moreno, Marcio, Humberto, Marquinho, Marcelo, Paulo Aranha, Baiano, Beto Caminh\u00e3o, C\u00e9sar, Eduardo, Jair Bala e Manoel Maria.<\/p>\n<p><strong>LOCADORA REIS: <\/strong> Jorge, danilo, Banha, Overlan, Nandinho, Magela, Adiel, Macassica, Chico, C\u00e9lio, Zico, Carvalho, Altair, J Carlos, Denildon, Edilson, Aquino e Ca\u00e7olinha.<\/p>\n<p><strong>\u00c1rbitros: <\/strong>  Marcelino e Rog\u00e9rio Farias.<\/p>\n<p><center><a href=\"http:\/\/www.r2cpress.com.br\/v1\/wp-content\/uploads\/CAPA-01_4F.jpg\"><img loading=\"lazy\" src=\"http:\/\/www.r2cpress.com.br\/v1\/wp-content\/uploads\/CAPA-01_4F.jpg\" alt=\"CAPA 01_4F\" width=\"600\" height=\"396\" class=\"aligncenter size-full wp-image-72006\" srcset=\"https:\/\/www.r2cpress.com.br\/v1\/wp-content\/uploads\/CAPA-01_4F.jpg 600w, https:\/\/www.r2cpress.com.br\/v1\/wp-content\/uploads\/CAPA-01_4F-300x198.jpg 300w\" sizes=\"(max-width: 600px) 100vw, 600px\" \/><\/a><a href=\"http:\/\/www.r2cpress.com.br\/v1\/wp-content\/uploads\/CAPA-02_4F.jpg\"><img loading=\"lazy\" src=\"http:\/\/www.r2cpress.com.br\/v1\/wp-content\/uploads\/CAPA-02_4F.jpg\" alt=\"CAPA 02_4F\" width=\"550\" height=\"424\" class=\"aligncenter size-full wp-image-72007\" srcset=\"https:\/\/www.r2cpress.com.br\/v1\/wp-content\/uploads\/CAPA-02_4F.jpg 550w, https:\/\/www.r2cpress.com.br\/v1\/wp-content\/uploads\/CAPA-02_4F-300x231.jpg 300w\" sizes=\"(max-width: 550px) 100vw, 550px\" \/><\/a><\/center><\/p>\n<p>&#8212;<br \/>\nFotos by Garcia Foto (73 8805 5478)<\/p>\n","protected":false},"excerpt":{"rendered":"<p>O Vit\u00f3ria ap\u00f3s vencer o time da Locadora Reis pelo placar de 3 x 0 sagrou-se Campe\u00e3o do certame. VIT\u00d3RIA: Caic, J \u00c1vila, Moreno, Marcio, Humberto, Marquinho, Marcelo, Paulo Aranha, Baiano, Beto Caminh\u00e3o, C\u00e9sar, Eduardo, Jair Bala e Manoel Maria. LOCADORA REIS: Jorge, danilo, Banha, Overlan, Nandinho, Magela, Adiel, Macassica, Chico, C\u00e9lio, Zico, Carvalho, Altair, [&hellip;]<\/p>\n","protected":false},"author":2,"featured_media":0,"comment_status":"open","ping_status":"open","sticky":false,"template":"","format":"standard","meta":{"_links_to":"","_links_to_target":""},"categories":[11],"tags":[],"_links":{"self":[{"href":"https:\/\/www.r2cpress.com.br\/v1\/wp-json\/wp\/v2\/posts\/72005"}],"collection":[{"href":"https:\/\/www.r2cpress.com.br\/v1\/wp-json\/wp\/v2\/posts"}],"about":[{"href":"https:\/\/www.r2cpress.com.br\/v1\/wp-json\/wp\/v2\/types\/post"}],"author":[{"embeddable":true,"href":"https:\/\/www.r2cpress.com.br\/v1\/wp-json\/wp\/v2\/users\/2"}],"replies":[{"embeddable":true,"href":"https:\/\/www.r2cpress.com.br\/v1\/wp-json\/wp\/v2\/comments?post=72005"}],"version-history":[{"count":3,"href":"https:\/\/www.r2cpress.com.br\/v1\/wp-json\/wp\/v2\/posts\/72005\/revisions"}],"predecessor-version":[{"id":72010,"href":"https:\/\/www.r2cpress.com.br\/v1\/wp-json\/wp\/v2\/posts\/72005\/revisions\/72010"}],"wp:attachment":[{"href":"https:\/\/www.r2cpress.com.br\/v1\/wp-json\/wp\/v2\/media?parent=72005"}],"wp:term":[{"taxonomy":"category","embeddable":true,"href":"https:\/\/www.r2cpress.com.br\/v1\/wp-json\/wp\/v2\/categories?post=72005"},{"taxonomy":"post_tag","embeddable":true,"href":"https:\/\/www.r2cpress.com.br\/v1\/wp-json\/wp\/v2\/tags?post=72005"}],"curies":[{"name":"wp","href":"https:\/\/api.w.org\/{rel}","templated":true}]}}