{"id":72015,"date":"2013-09-16T12:05:57","date_gmt":"2013-09-16T15:05:57","guid":{"rendered":"http:\/\/www.r2cpress.com.br\/v1\/?p=72015"},"modified":"2013-09-16T12:05:57","modified_gmt":"2013-09-16T15:05:57","slug":"governo-da-bahia-divulga-video-institucional-do-projeto-da-ponte-salvador-ilha-de-itaparica","status":"publish","type":"post","link":"https:\/\/www.r2cpress.com.br\/v1\/2013\/09\/16\/governo-da-bahia-divulga-video-institucional-do-projeto-da-ponte-salvador-ilha-de-itaparica\/","title":{"rendered":"Governo da Bahia divulga v\u00eddeo institucional  do projeto da Ponte Salvador-Ilha de Itaparica"},"content":{"rendered":"<div id=\"attachment_72017\" style=\"width: 610px\" class=\"wp-caption aligncenter\"><a href=\"http:\/\/www.r2cpress.com.br\/v1\/wp-content\/uploads\/conceito_ponte_salvador_itaparica.jpg\"><img aria-describedby=\"caption-attachment-72017\" loading=\"lazy\" class=\"size-full wp-image-72017\" alt=\"Salvador - Itaparica\" src=\"http:\/\/www.r2cpress.com.br\/v1\/wp-content\/uploads\/conceito_ponte_salvador_itaparica.jpg\" width=\"600\" height=\"400\" srcset=\"https:\/\/www.r2cpress.com.br\/v1\/wp-content\/uploads\/conceito_ponte_salvador_itaparica.jpg 600w, https:\/\/www.r2cpress.com.br\/v1\/wp-content\/uploads\/conceito_ponte_salvador_itaparica-300x200.jpg 300w\" sizes=\"(max-width: 600px) 100vw, 600px\" \/><\/a><p id=\"caption-attachment-72017\" class=\"wp-caption-text\">Salvador &#8211; Itaparica<\/p><\/div>\n<p>Em apenas quatro minutos, o primeiro v\u00eddeo institucional do projeto da Ponte Salvador-Ilha de Itaparica, lan\u00e7ado hoje (16) no site oficial e na p\u00e1gina da Secretaria do Planejamento da Bahia (Seplan), apresenta \u00e0 popula\u00e7\u00e3o a import\u00e2ncia deste empreendimento.<\/p>\n<p>\u201cO projeto \u00e9 um plano de desenvolvimento que se desdobra na constru\u00e7\u00e3o de uma ponte, reconfigura\u00e7\u00e3o da BA-001 na Ilha de Itaparica, requalifica\u00e7\u00e3o da ponte do Funil, constru\u00e7\u00e3o da liga\u00e7\u00e3o entre Santo Ant\u00f4nio de Jesus e Castro Alves, al\u00e9m da qualifica\u00e7\u00e3o da infraestrutura vi\u00e1ria regional, bem como interven\u00e7\u00f5es relacionadas \u00e0 infraestrutura urbana e social na ilha.\u201d, afirma o secret\u00e1rio do Planejamento do Estado, Jos\u00e9 Sergio Gabrielli.<\/p>\n<p>Ainda sobre o aspecto econ\u00f4mico e social, o secret\u00e1rio pontua que surgir\u00e3o oportunidades de crescimento do com\u00e9rcio nas principais cidades do entorno, gera\u00e7\u00e3o de empregos, aumento da arrecada\u00e7\u00e3o das prefeituras que ter\u00e3o mais recursos para investir em obras e servi\u00e7os p\u00fablicos.<\/p>\n<p>O v\u00eddeo est\u00e1 dispon\u00edvel no site <a href=\"http:\/\/www.pontesalvadorilhadeitaparica.ba.gov.br\" target=\"_blank\">www.<wbr><\/wbr>pontesalvadorilhadeitaparica.<wbr><\/wbr>ba.gov.br<\/a>, \u00a0sempre atualizado com as novidades do projeto, ou no link <a href=\"http:\/\/www.seplan.ba.gov.br\" target=\"_blank\">www.seplan.ba.gov.br<\/a><\/p>\n<p>&#8212;&#8212;&#8212;&#8212;&#8211;<\/p>\n<p><b>16\/09\/2013<\/b><\/p>\n<p><b>Assessoria de Comunica\u00e7\u00e3o<\/b><\/p>\n<p><b>Secretaria do Planejamento do Estado da Bahia<\/b><\/p>\n","protected":false},"excerpt":{"rendered":"<p>Em apenas quatro minutos, o primeiro v\u00eddeo institucional do projeto da Ponte Salvador-Ilha de Itaparica, lan\u00e7ado hoje (16) no site oficial e na p\u00e1gina da Secretaria do Planejamento da Bahia (Seplan), apresenta \u00e0 popula\u00e7\u00e3o a import\u00e2ncia deste empreendimento. \u201cO projeto \u00e9 um plano de desenvolvimento que se desdobra na constru\u00e7\u00e3o de uma ponte, reconfigura\u00e7\u00e3o da [&hellip;]<\/p>\n","protected":false},"author":2,"featured_media":0,"comment_status":"open","ping_status":"open","sticky":false,"template":"","format":"standard","meta":{"_links_to":"","_links_to_target":""},"categories":[29],"tags":[],"_links":{"self":[{"href":"https:\/\/www.r2cpress.com.br\/v1\/wp-json\/wp\/v2\/posts\/72015"}],"collection":[{"href":"https:\/\/www.r2cpress.com.br\/v1\/wp-json\/wp\/v2\/posts"}],"about":[{"href":"https:\/\/www.r2cpress.com.br\/v1\/wp-json\/wp\/v2\/types\/post"}],"author":[{"embeddable":true,"href":"https:\/\/www.r2cpress.com.br\/v1\/wp-json\/wp\/v2\/users\/2"}],"replies":[{"embeddable":true,"href":"https:\/\/www.r2cpress.com.br\/v1\/wp-json\/wp\/v2\/comments?post=72015"}],"version-history":[{"count":4,"href":"https:\/\/www.r2cpress.com.br\/v1\/wp-json\/wp\/v2\/posts\/72015\/revisions"}],"predecessor-version":[{"id":72020,"href":"https:\/\/www.r2cpress.com.br\/v1\/wp-json\/wp\/v2\/posts\/72015\/revisions\/72020"}],"wp:attachment":[{"href":"https:\/\/www.r2cpress.com.br\/v1\/wp-json\/wp\/v2\/media?parent=72015"}],"wp:term":[{"taxonomy":"category","embeddable":true,"href":"https:\/\/www.r2cpress.com.br\/v1\/wp-json\/wp\/v2\/categories?post=72015"},{"taxonomy":"post_tag","embeddable":true,"href":"https:\/\/www.r2cpress.com.br\/v1\/wp-json\/wp\/v2\/tags?post=72015"}],"curies":[{"name":"wp","href":"https:\/\/api.w.org\/{rel}","templated":true}]}}