{"id":72033,"date":"2013-09-16T19:12:01","date_gmt":"2013-09-16T22:12:01","guid":{"rendered":"http:\/\/www.r2cpress.com.br\/v1\/?p=72033"},"modified":"2013-09-16T19:12:01","modified_gmt":"2013-09-16T22:12:01","slug":"associacao-sonho-meu-recebe-alimentos-da-cdl-de-ilheus","status":"publish","type":"post","link":"https:\/\/www.r2cpress.com.br\/v1\/2013\/09\/16\/associacao-sonho-meu-recebe-alimentos-da-cdl-de-ilheus\/","title":{"rendered":"ASSOCIA\u00c7\u00c3O SONHO MEU RECEBE ALIMENTOS DA CDL DE ILH\u00c9US"},"content":{"rendered":"<p>A C\u00e2mara de Dirigentes Lojistas de Ilh\u00e9us realizou no \u00faltimo s\u00e1bado (14.09), na sede da entidade, a entrega de cerca de 300 kg de alimentos \u00e0 diretoria da Associa\u00e7\u00e3o Sonho Meu. Todo o alimento foi arrecadado na 12\u00aa edi\u00e7\u00e3o do Feij\u00e3o Companheiro, realizado no dia 31 de agosto, na APECEF. \u201cO Feij\u00e3o Companheiro, al\u00e9m de ser uma homenagem \u00e0 imprensa regional e um momento de confraterniza\u00e7\u00e3o entre empres\u00e1rios, autoridades e imprensa, tem tamb\u00e9m um papel social. Cada participante doou alimentos n\u00e3o perec\u00edveis para que n\u00f3s ajud\u00e1ssemos essa Associa\u00e7\u00e3o que presta importantes servi\u00e7os \u00e0 nossa comunidade e n\u00e3o tem fins lucrativos\u201d, explicou Paulo Ganem, presidente da CDL de Ilh\u00e9us.<\/p>\n<div id=\"attachment_72034\" style=\"width: 610px\" class=\"wp-caption aligncenter\"><a href=\"http:\/\/www.r2cpress.com.br\/v1\/wp-content\/uploads\/CDL-de-Ilh\u00e9us-entrega-alimentos-\u00e0-Associa\u00e7\u00e3o-Sonho-Meu.jpeg\"><img aria-describedby=\"caption-attachment-72034\" loading=\"lazy\" class=\"size-full wp-image-72034\" alt=\"CDL de Ilh\u00e9us entrega alimentos \u00e0 Associa\u00e7\u00e3o Sonho Meu.\" src=\"http:\/\/www.r2cpress.com.br\/v1\/wp-content\/uploads\/CDL-de-Ilh\u00e9us-entrega-alimentos-\u00e0-Associa\u00e7\u00e3o-Sonho-Meu.jpeg\" width=\"600\" height=\"450\" srcset=\"https:\/\/www.r2cpress.com.br\/v1\/wp-content\/uploads\/CDL-de-Ilh\u00e9us-entrega-alimentos-\u00e0-Associa\u00e7\u00e3o-Sonho-Meu.jpeg 600w, https:\/\/www.r2cpress.com.br\/v1\/wp-content\/uploads\/CDL-de-Ilh\u00e9us-entrega-alimentos-\u00e0-Associa\u00e7\u00e3o-Sonho-Meu-300x225.jpeg 300w\" sizes=\"(max-width: 600px) 100vw, 600px\" \/><\/a><p id=\"caption-attachment-72034\" class=\"wp-caption-text\">CDL de Ilh\u00e9us entrega alimentos \u00e0 Associa\u00e7\u00e3o Sonho Meu.<\/p><\/div>\n<p>A Associa\u00e7\u00e3o Sonho Meu fica no bairro Jardim Sav\u00f3ia e atende a cerca de setenta jovens e adultos especiais, oferecendo reabilita\u00e7\u00e3o motora e neurol\u00f3gica, al\u00e9m das atividades pedag\u00f3gicas. De acordo com a fundadora e diretora, Isabel Tavares, a Associa\u00e7\u00e3o vem passando por momentos dif\u00edceis desde que o conv\u00eanio com a Prefeitura n\u00e3o p\u00f4de ser renovado e por isso vem buscando apoio das entidades de classe e da popula\u00e7\u00e3o em geral. \u201cN\u00f3s agradecemos \u00e0 CDL de Ilh\u00e9us, que prontamente atendeu nosso pedido de apoio, por essa doa\u00e7\u00e3o t\u00e3o importante. Agradecemos tamb\u00e9m a todos aqueles que doaram porque com certeza esses alimentos chegaram em boa hora. Pedimos ainda a toda a imprensa que continue nos ajudando, e n\u00e3o deixe esse trabalho \u00a0parar. N\u00f3s que lidamos diariamente com essas pessoas especiais e com as fam\u00edlias, sabemos o quanto ele \u00e9 essencial\u201d, enfatizou Isabel.<\/p>\n<p>Estiveram presentes tamb\u00e9m, durante a entrega dos alimentos, a presidente da Associa\u00e7\u00e3o Sonho Meu, Sheila Mucug\u00ea; a Secret\u00e1ria Manuela Bezerra e a tesoureira, Sandra de C\u00e1ssia.<\/p>\n","protected":false},"excerpt":{"rendered":"<p>A C\u00e2mara de Dirigentes Lojistas de Ilh\u00e9us realizou no \u00faltimo s\u00e1bado (14.09), na sede da entidade, a entrega de cerca de 300 kg de alimentos \u00e0 diretoria da Associa\u00e7\u00e3o Sonho Meu. Todo o alimento foi arrecadado na 12\u00aa edi\u00e7\u00e3o do Feij\u00e3o Companheiro, realizado no dia 31 de agosto, na APECEF. \u201cO Feij\u00e3o Companheiro, al\u00e9m de [&hellip;]<\/p>\n","protected":false},"author":2,"featured_media":0,"comment_status":"open","ping_status":"open","sticky":false,"template":"","format":"standard","meta":{"_links_to":"","_links_to_target":""},"categories":[19],"tags":[],"_links":{"self":[{"href":"https:\/\/www.r2cpress.com.br\/v1\/wp-json\/wp\/v2\/posts\/72033"}],"collection":[{"href":"https:\/\/www.r2cpress.com.br\/v1\/wp-json\/wp\/v2\/posts"}],"about":[{"href":"https:\/\/www.r2cpress.com.br\/v1\/wp-json\/wp\/v2\/types\/post"}],"author":[{"embeddable":true,"href":"https:\/\/www.r2cpress.com.br\/v1\/wp-json\/wp\/v2\/users\/2"}],"replies":[{"embeddable":true,"href":"https:\/\/www.r2cpress.com.br\/v1\/wp-json\/wp\/v2\/comments?post=72033"}],"version-history":[{"count":3,"href":"https:\/\/www.r2cpress.com.br\/v1\/wp-json\/wp\/v2\/posts\/72033\/revisions"}],"predecessor-version":[{"id":72037,"href":"https:\/\/www.r2cpress.com.br\/v1\/wp-json\/wp\/v2\/posts\/72033\/revisions\/72037"}],"wp:attachment":[{"href":"https:\/\/www.r2cpress.com.br\/v1\/wp-json\/wp\/v2\/media?parent=72033"}],"wp:term":[{"taxonomy":"category","embeddable":true,"href":"https:\/\/www.r2cpress.com.br\/v1\/wp-json\/wp\/v2\/categories?post=72033"},{"taxonomy":"post_tag","embeddable":true,"href":"https:\/\/www.r2cpress.com.br\/v1\/wp-json\/wp\/v2\/tags?post=72033"}],"curies":[{"name":"wp","href":"https:\/\/api.w.org\/{rel}","templated":true}]}}