{"id":72046,"date":"2013-09-16T19:41:02","date_gmt":"2013-09-16T22:41:02","guid":{"rendered":"http:\/\/www.r2cpress.com.br\/v1\/?p=72046"},"modified":"2013-09-16T19:41:02","modified_gmt":"2013-09-16T22:41:02","slug":"sindicatos-pedem-apoio-do-bispo-de-ilheus-para-mediar-o-fim-da-greve","status":"publish","type":"post","link":"https:\/\/www.r2cpress.com.br\/v1\/2013\/09\/16\/sindicatos-pedem-apoio-do-bispo-de-ilheus-para-mediar-o-fim-da-greve\/","title":{"rendered":"Sindicatos pedem apoio do bispo  de Ilh\u00e9us para mediar o fim da greve"},"content":{"rendered":"<p>Preocupados com a greve geral na Prefeitura de Ilh\u00e9us que j\u00e1 dura quase 60 dias, os representantes dos cinco sindicatos de servidores p\u00fablicos municipais se reuniram na tarde desta segunda-feira (16) com o bispo da Diocese de Ilh\u00e9us, Dom Mauro Montagnolli, na Catedral de S\u00e3o Sebasti\u00e3o, para solicitar ao l\u00edder cat\u00f3lico que possa mediar as negocia\u00e7\u00f5es para se chegar assim ao fim da paralisa\u00e7\u00e3o. Com base em documentos, relat\u00f3rios e pareceres do Tribunal de Constas dos Munic\u00edpios e da Ordem dos Advogados do Brasil, os representantes dos trabalhadores mostraram ao bispo Dom Mauro que n\u00e3o querem qualquer reposi\u00e7\u00e3o ou reajuste salarial, mas sim a revis\u00e3o anual assegurada pela Constitui\u00e7\u00e3o Federal e garantida pela Lei de Responsabilidade Fiscal.<br \/>\n<div id=\"attachment_72048\" style=\"width: 610px\" class=\"wp-caption aligncenter\"><a href=\"http:\/\/www.r2cpress.com.br\/v1\/wp-content\/uploads\/BISPO-GREVE-NEGOCIA\u00c7\u00c3O.jpg\"><img aria-describedby=\"caption-attachment-72048\" loading=\"lazy\" src=\"http:\/\/www.r2cpress.com.br\/v1\/wp-content\/uploads\/BISPO-GREVE-NEGOCIA\u00c7\u00c3O.jpg\" alt=\"GREVE_ENCONTRO_BISPO.\" width=\"600\" height=\"450\" class=\"size-full wp-image-72048\" srcset=\"https:\/\/www.r2cpress.com.br\/v1\/wp-content\/uploads\/BISPO-GREVE-NEGOCIA\u00c7\u00c3O.jpg 600w, https:\/\/www.r2cpress.com.br\/v1\/wp-content\/uploads\/BISPO-GREVE-NEGOCIA\u00c7\u00c3O-300x225.jpg 300w\" sizes=\"(max-width: 600px) 100vw, 600px\" \/><\/a><p id=\"caption-attachment-72048\" class=\"wp-caption-text\">GREVE_ENCONTRO_BISPO.<\/p><\/div><br \/>\nOs trabalhadores explicaram que j\u00e1 fizeram o poss\u00edvel para acabar com a paralisa\u00e7\u00e3o, abrindo m\u00e3o do reajuste e aceitando negociar posteriormente a reposi\u00e7\u00e3o dos meses retroativos, mas o governo municipal se recusa a cumprir a lei. \u201cQueremos que a greve termine o mais r\u00e1pido poss\u00edvel para que os trabalhadores voltem \u00e0s suas atividades normais, prestando servi\u00e7os \u00e0 comunidade, mas para isso basta apenas que o prefeito aceite assinar o acordo de campanha salarial, concedendo a revis\u00e3o salarial garantida pela Constitui\u00e7\u00e3o Federal\u201d, afirmaram os l\u00edderes sindicais.<\/p>\n<p><!--more--><\/p>\n<p>Dom Mauro Montagnolli garantiu que atender\u00e1 ao pedido dos trabalhadores e como igreja far\u00e1 a sua parte para mediar as negocia\u00e7\u00f5es buscando assim o fim da greve. Ele tamb\u00e9m se comprometeu a realizar ainda esta semana uma reuni\u00e3o com os padres da Diocese de Ilh\u00e9us para que os representantes dos trabalhadores possam apresentar toda a documenta\u00e7\u00e3o comprovando que a greve \u00e9 legal e que a Prefeitura pode sim conceder a revis\u00e3o salarial anual. O encontro com o bispo Dom Mauro contou ainda com a presen\u00e7a do vig\u00e1rio geral da Diocese de Ilh\u00e9us e p\u00e1roco da Par\u00f3quia de S\u00e3o Jorge, padre Ednilson Vivas.<\/p>\n<p>Em nota p\u00fablica divulgada na semana passada, Dom Mauro Montagnolli j\u00e1 havia colocado que a Igreja Cat\u00f3lica presente em Ilh\u00e9us est\u00e1 preocupada com a situa\u00e7\u00e3o ca\u00f3tica do munic\u00edpio. \u201cAs manifesta\u00e7\u00f5es surgidas por todos os cantos clamam por solu\u00e7\u00f5es junto aos respons\u00e1veis da administra\u00e7\u00e3o da nossa cidade. A popula\u00e7\u00e3o j\u00e1 n\u00e3o suporta mais essa situa\u00e7\u00e3o\u201d, relatou. Disse ainda que a igreja como \u201cadvogada da justi\u00e7a e defensora dos pobres\u201d, diante dos clamores do povo, se coloca \u00e0 disposi\u00e7\u00e3o para ajudar no di\u00e1logo a fim de que se chegue a uma solu\u00e7\u00e3o em benef\u00edcio da popula\u00e7\u00e3o, em especial aquela mais pobre e carente.<\/p>\n<p>Ainda na nota p\u00fablica o bispo reafirma que a Igreja Cat\u00f3lica em Ilh\u00e9us est\u00e1 do lado da popula\u00e7\u00e3o, \u201ctrazendo o bem precioso da f\u00e9 em Jesus Cristo, que veio para que todos tenham vida em abund\u00e2ncia\u201d. \u201cN\u00e3o podemos ficar desiludidos com a corrup\u00e7\u00e3o daqueles que em vez de buscar o bem comum procuram seu pr\u00f3prio benef\u00edcio. \u00c9 preciso, urgentemente, encontrar uma solu\u00e7\u00e3o para essa situa\u00e7\u00e3o, que j\u00e1 se alastra por muito tempo, para que a nossa cidade possa voltar \u00e0 sua normalidade\u201d, finalizou Dom Mauro Montagnolli.<\/p>\n","protected":false},"excerpt":{"rendered":"<p>Preocupados com a greve geral na Prefeitura de Ilh\u00e9us que j\u00e1 dura quase 60 dias, os representantes dos cinco sindicatos de servidores p\u00fablicos municipais se reuniram na tarde desta segunda-feira (16) com o bispo da Diocese de Ilh\u00e9us, Dom Mauro Montagnolli, na Catedral de S\u00e3o Sebasti\u00e3o, para solicitar ao l\u00edder cat\u00f3lico que possa mediar as [&hellip;]<\/p>\n","protected":false},"author":2,"featured_media":0,"comment_status":"open","ping_status":"open","sticky":false,"template":"","format":"standard","meta":{"_links_to":"","_links_to_target":""},"categories":[22],"tags":[],"_links":{"self":[{"href":"https:\/\/www.r2cpress.com.br\/v1\/wp-json\/wp\/v2\/posts\/72046"}],"collection":[{"href":"https:\/\/www.r2cpress.com.br\/v1\/wp-json\/wp\/v2\/posts"}],"about":[{"href":"https:\/\/www.r2cpress.com.br\/v1\/wp-json\/wp\/v2\/types\/post"}],"author":[{"embeddable":true,"href":"https:\/\/www.r2cpress.com.br\/v1\/wp-json\/wp\/v2\/users\/2"}],"replies":[{"embeddable":true,"href":"https:\/\/www.r2cpress.com.br\/v1\/wp-json\/wp\/v2\/comments?post=72046"}],"version-history":[{"count":3,"href":"https:\/\/www.r2cpress.com.br\/v1\/wp-json\/wp\/v2\/posts\/72046\/revisions"}],"predecessor-version":[{"id":72050,"href":"https:\/\/www.r2cpress.com.br\/v1\/wp-json\/wp\/v2\/posts\/72046\/revisions\/72050"}],"wp:attachment":[{"href":"https:\/\/www.r2cpress.com.br\/v1\/wp-json\/wp\/v2\/media?parent=72046"}],"wp:term":[{"taxonomy":"category","embeddable":true,"href":"https:\/\/www.r2cpress.com.br\/v1\/wp-json\/wp\/v2\/categories?post=72046"},{"taxonomy":"post_tag","embeddable":true,"href":"https:\/\/www.r2cpress.com.br\/v1\/wp-json\/wp\/v2\/tags?post=72046"}],"curies":[{"name":"wp","href":"https:\/\/api.w.org\/{rel}","templated":true}]}}