{"id":72059,"date":"2013-09-17T08:03:35","date_gmt":"2013-09-17T11:03:35","guid":{"rendered":"http:\/\/www.r2cpress.com.br\/v1\/?p=72059"},"modified":"2013-09-17T08:03:35","modified_gmt":"2013-09-17T11:03:35","slug":"a-bagunca-esta-passando-do-limite","status":"publish","type":"post","link":"https:\/\/www.r2cpress.com.br\/v1\/2013\/09\/17\/a-bagunca-esta-passando-do-limite\/","title":{"rendered":"A BAGUN\u00c7A EST\u00c1 PASSANDO DO LIMITE"},"content":{"rendered":"<p><img loading=\"lazy\" class=\"alignright\" alt=\"\" src=\"http:\/\/www.r2cpress.com.br\/v1\/wp-content\/uploads\/zecarlos-r2cpress_reduzida.jpg\" width=\"300\" height=\"207\" \/>Ontem o programa Alerta Geral abordou um tema interessante e que realmente est\u00e1 precisando de um basta literalmente.<\/p>\n<p>O assunto \u00e9 a situa\u00e7\u00e3o ca\u00f3tica do nosso tr\u00e2nsito.<\/p>\n<p>Independente da greve que se arrasta por mais de 30 dias, o nosso sistema de tr\u00e2nsito est\u00e1 necessitando de uma balan\u00e7ada para se tornar mais operante e respeitado.<\/p>\n<p>O que se v\u00ea de irregularidades nas ruas e avenidas s\u00e3o situa\u00e7\u00f5es preocupantes, sen\u00e3o vejamos:<\/p>\n<p>Foi implantado um servi\u00e7o na orla do Pontal\/Avenida Lomanto Junior, que nos deixou esperan\u00e7oso em dias melhores. Infelizmente a bagun\u00e7a tomou conta do peda\u00e7o, ningu\u00e9m respeita o corredor dos \u00f4nibus, ambul\u00e2ncias, motos, t\u00e1xi e o gargalo continua em frente ao posto de gasolina. Os espertinhos fazem a festa na maior cara de pau, num desrespeito acintoso aos condutores que est\u00e3o na faixa correta.<\/p>\n<p>Ao atravessar a ponte os condutores seguidores das normas tem pela frente a terr\u00edvel e perigosa cabeceira da ponte, onde dezenas de motoristas e motociclistas teimam em utilizar a contram\u00e3o para ter acesso mais r\u00e1pido \u00e0 Princesa Isabel e Alto da Conquista.<\/p>\n<p>Em frente \u00e0 Farm\u00e1cia Velanes, \u00fanico e apertado acesso \u00e0 congestionada Pra\u00e7a Cair\u00fa, al\u00e9m da parada rotat\u00f3ria e um sem\u00e1foro, foi criado um ponto de motoboy, tornando o local num inferno, principalmente nas horas de pico, pois a pista d\u00e1 para apenas dois ve\u00edculos em paralelo.<\/p>\n<p><!--more--><\/p>\n<p>Nos espa\u00e7os dos estacionamentos do centro da cidade e na Avenida Soares Lopes, o bicho t\u00e1 pegando feio, pois al\u00e9m dos \u201cdonos\u201d do peda\u00e7o, os famosos flanelinhas e lavadores, os condutores de ve\u00edculos estacionam de todo jeito.<\/p>\n<p>A Rua Prado Valadares, aquela mesmo onde funciona a receita estadual, aos pouquinhos vai voltando aos velhos tempos, tudo pela falta de fiscaliza\u00e7\u00e3o.<\/p>\n<p>Muito se critica dos pardais serem apenas geradores de multas e est\u00e3o mal colocados, mas se o poder p\u00fablico adotar medidas disciplinares levando em conta a <b>instala\u00e7\u00e3o de pardais em locais previamente analisados, efetuar a sinaliza\u00e7\u00e3o horizontal, instalar equipamentos, realizar uma campanha educativa e a presen\u00e7a dos nossos Agentes de Tr\u00e2nsito nas ruas,<\/b> as coisas podem tomar outro rumo.<\/p>\n<p>Os condutores de ve\u00edculos e motociclistas j\u00e1 est\u00e3o acostumados com a bagun\u00e7a reinante e n\u00e3o respeitam mais nada, mas a implanta\u00e7\u00e3o dessas medidas que s\u00e3o permitidas pelo c\u00f3digo de tr\u00e2nsito e a aplica\u00e7\u00e3o de <b>MULTA<\/b> aos infratores, com certeza vai doer no bolso e a falta de educa\u00e7\u00e3o no tr\u00e2nsito poder\u00e1 sofrer um duro rev\u00e9s.<\/p>\n<p>Mais uma vez voltamos a alertar que o poder p\u00fablico tem que botar a cara nas ruas, com a\u00e7\u00f5es concretas e s\u00e9rias, pois do jeito que as coisas andam o trajeto est\u00e1 causando preocupa\u00e7\u00e3o.<\/p>\n<p>Precisamos urgentemente sair desse atoleiro de falta de educa\u00e7\u00e3o, de falta de respeito e de cidadania.<\/p>\n<p>Nos locais onde n\u00e3o existe sem\u00e1foros, ningu\u00e9m respeita a faixa do pedestre e ai daquele que se arriscar a atravess\u00e1-la, poder\u00e1 ser varrido do mapa, melhor dizendo, dessa vida.<\/p>\n<p>Nem tudo est\u00e1 perdido, temos na SETRANS competentes Agentes de Tr\u00e2nsito, alguns conhecedores do C\u00f3digo Nacional de Tr\u00e2nsito e que podem contribuir decisivamente na melhoria do nosso complicado tr\u00e2nsito.<\/p>\n<p><b>Sou, pois, a favor da aplica\u00e7\u00e3o de multas aos motoristas e motociclistas infratores das leis do tr\u00e2nsito, desde quando o poder p\u00fablico fa\u00e7a a sua parte corretamente.<\/b><\/p>\n<p><b>Z\u00c9CARLOS JUNIOR<\/b><\/p>\n","protected":false},"excerpt":{"rendered":"<p>Ontem o programa Alerta Geral abordou um tema interessante e que realmente est\u00e1 precisando de um basta literalmente. O assunto \u00e9 a situa\u00e7\u00e3o ca\u00f3tica do nosso tr\u00e2nsito. Independente da greve que se arrasta por mais de 30 dias, o nosso sistema de tr\u00e2nsito est\u00e1 necessitando de uma balan\u00e7ada para se tornar mais operante e respeitado. [&hellip;]<\/p>\n","protected":false},"author":2,"featured_media":0,"comment_status":"open","ping_status":"open","sticky":false,"template":"","format":"standard","meta":{"_links_to":"","_links_to_target":""},"categories":[10],"tags":[],"_links":{"self":[{"href":"https:\/\/www.r2cpress.com.br\/v1\/wp-json\/wp\/v2\/posts\/72059"}],"collection":[{"href":"https:\/\/www.r2cpress.com.br\/v1\/wp-json\/wp\/v2\/posts"}],"about":[{"href":"https:\/\/www.r2cpress.com.br\/v1\/wp-json\/wp\/v2\/types\/post"}],"author":[{"embeddable":true,"href":"https:\/\/www.r2cpress.com.br\/v1\/wp-json\/wp\/v2\/users\/2"}],"replies":[{"embeddable":true,"href":"https:\/\/www.r2cpress.com.br\/v1\/wp-json\/wp\/v2\/comments?post=72059"}],"version-history":[{"count":3,"href":"https:\/\/www.r2cpress.com.br\/v1\/wp-json\/wp\/v2\/posts\/72059\/revisions"}],"predecessor-version":[{"id":72062,"href":"https:\/\/www.r2cpress.com.br\/v1\/wp-json\/wp\/v2\/posts\/72059\/revisions\/72062"}],"wp:attachment":[{"href":"https:\/\/www.r2cpress.com.br\/v1\/wp-json\/wp\/v2\/media?parent=72059"}],"wp:term":[{"taxonomy":"category","embeddable":true,"href":"https:\/\/www.r2cpress.com.br\/v1\/wp-json\/wp\/v2\/categories?post=72059"},{"taxonomy":"post_tag","embeddable":true,"href":"https:\/\/www.r2cpress.com.br\/v1\/wp-json\/wp\/v2\/tags?post=72059"}],"curies":[{"name":"wp","href":"https:\/\/api.w.org\/{rel}","templated":true}]}}