{"id":72072,"date":"2013-09-17T16:58:10","date_gmt":"2013-09-17T19:58:10","guid":{"rendered":"http:\/\/www.r2cpress.com.br\/v1\/?p=72072"},"modified":"2013-09-17T16:58:10","modified_gmt":"2013-09-17T19:58:10","slug":"operacao-tapa-buracos-contempla-mais-tres-vias-importantes-de-ilheus","status":"publish","type":"post","link":"https:\/\/www.r2cpress.com.br\/v1\/2013\/09\/17\/operacao-tapa-buracos-contempla-mais-tres-vias-importantes-de-ilheus\/","title":{"rendered":"Opera\u00e7\u00e3o Tapa Buracos contempla mais tr\u00eas vias importantes de Ilh\u00e9us"},"content":{"rendered":"<p><em><strong>Nesta ter\u00e7a-feira, dia 17, a Prefeitura de Ilh\u00e9us executou a opera\u00e7\u00e3o nas avenidas Princesa Isabel, Itabuna e na Rua Am\u00e9lia Nunes, onde tamb\u00e9m foram realizados os servi\u00e7os de ro\u00e7agem da encosta.<\/strong><\/em><\/p>\n<div id=\"attachment_72073\" style=\"width: 610px\" class=\"wp-caption aligncenter\"><a href=\"http:\/\/www.r2cpress.com.br\/v1\/wp-content\/uploads\/Opera\u00e7\u00e3o-tapa-buracos-na-Av.-Princesa-Isabel-Foto-Gidelzo-Silva-Secom-Ilh\u00e9us-17.09.13.jpg\"><img aria-describedby=\"caption-attachment-72073\" loading=\"lazy\" src=\"http:\/\/www.r2cpress.com.br\/v1\/wp-content\/uploads\/Opera\u00e7\u00e3o-tapa-buracos-na-Av.-Princesa-Isabel-Foto-Gidelzo-Silva-Secom-Ilh\u00e9us-17.09.13.jpg\" alt=\"Opera\u00e7\u00e3o tapa buracos na Av. Princesa Isabel Foto Gidelzo Silva Secom-Ilh\u00e9us 17.09.13.\" width=\"600\" height=\"410\" class=\"size-full wp-image-72073\" srcset=\"https:\/\/www.r2cpress.com.br\/v1\/wp-content\/uploads\/Opera\u00e7\u00e3o-tapa-buracos-na-Av.-Princesa-Isabel-Foto-Gidelzo-Silva-Secom-Ilh\u00e9us-17.09.13.jpg 600w, https:\/\/www.r2cpress.com.br\/v1\/wp-content\/uploads\/Opera\u00e7\u00e3o-tapa-buracos-na-Av.-Princesa-Isabel-Foto-Gidelzo-Silva-Secom-Ilh\u00e9us-17.09.13-300x205.jpg 300w\" sizes=\"(max-width: 600px) 100vw, 600px\" \/><\/a><p id=\"caption-attachment-72073\" class=\"wp-caption-text\">Opera\u00e7\u00e3o tapa buracos na Av. Princesa Isabel Foto Gidelzo Silva Secom-Ilh\u00e9us 17.09.13.<\/p><\/div>\n<p>Nesta ter\u00e7a-feira, dia 17, aPrefeitura de Ilh\u00e9us, atrav\u00e9s da Secretaria Municipal de Desenvolvimento Social (Sedur), concentrou os servi\u00e7os da Opera\u00e7\u00e3o Tapa Buracos nas avenidas Itabuna, Princesa Isabel e naRua Am\u00e9lia Nunes, onde tamb\u00e9m foi realizada a ro\u00e7agem da encosta. <\/p>\n<div id=\"attachment_72074\" style=\"width: 610px\" class=\"wp-caption aligncenter\"><a href=\"http:\/\/www.r2cpress.com.br\/v1\/wp-content\/uploads\/Opera\u00e7\u00e3o-Tapa-Buracos-na-Rua-Am\u00e9lia-Nunes-foto-Gidelzo-Silva-Secom-Ilh\u00e9us-17.09.13.jpg\"><img aria-describedby=\"caption-attachment-72074\" loading=\"lazy\" src=\"http:\/\/www.r2cpress.com.br\/v1\/wp-content\/uploads\/Opera\u00e7\u00e3o-Tapa-Buracos-na-Rua-Am\u00e9lia-Nunes-foto-Gidelzo-Silva-Secom-Ilh\u00e9us-17.09.13.jpg\" alt=\"Opera\u00e7\u00e3o Tapa Buracos na Rua Am\u00e9lia Nunes foto Gidelzo Silva Secom-Ilh\u00e9us 17.09.13.\" width=\"600\" height=\"507\" class=\"size-full wp-image-72074\" srcset=\"https:\/\/www.r2cpress.com.br\/v1\/wp-content\/uploads\/Opera\u00e7\u00e3o-Tapa-Buracos-na-Rua-Am\u00e9lia-Nunes-foto-Gidelzo-Silva-Secom-Ilh\u00e9us-17.09.13.jpg 600w, https:\/\/www.r2cpress.com.br\/v1\/wp-content\/uploads\/Opera\u00e7\u00e3o-Tapa-Buracos-na-Rua-Am\u00e9lia-Nunes-foto-Gidelzo-Silva-Secom-Ilh\u00e9us-17.09.13-300x253.jpg 300w\" sizes=\"(max-width: 600px) 100vw, 600px\" \/><\/a><p id=\"caption-attachment-72074\" class=\"wp-caption-text\">Opera\u00e7\u00e3o Tapa Buracos na Rua Am\u00e9lia Nunes foto Gidelzo Silva Secom-Ilh\u00e9us 17.09.13.<\/p><\/div>\n<p>O \u00f3rg\u00e3o elabora um cronograma operacional para ser desenvolvido durante toda a semana. Mas as atividades podem n\u00e3o ser cumpridas dentro do per\u00edodo previsto em virtude de aspectos como varia\u00e7\u00f5es clim\u00e1ticas e o pr\u00f3prio tempo de execu\u00e7\u00e3o.<\/p>\n<p>Os servi\u00e7os de tapa buracos come\u00e7aram a ser prestados \u00e0 popula\u00e7\u00e3o no \u00faltimo dia 23 de agosto, pela Avenida Soares Lopes.  Os recursos da ordem de R$ 575.758,42 para a opera\u00e7\u00e3o, foram captados atrav\u00e9s de conv\u00eanio celebrado entre a Prefeitura Municipal e o Governo do Estado, por meio da Companhia de Desenvolvimento Urbano do Estado (Conder).<\/p>\n<p> Executada pela empresa Mazza Engenharia LTDA, vencedora da licita\u00e7\u00e3o, a a\u00e7\u00e3o j\u00e1 foi realizada nas avenidas Lomanto J\u00fanior, Esperan\u00e7a e Lu\u00eds Eduardo Magalh\u00e3es, na Rua 13 de Maio, no Bairro do Pontal, em vias do Teot\u00f4nio Vilela, como as ruas Belo Horizonte e Jos\u00e9 Carolino, e em pontos do Bas\u00edlio.<\/p>\n<p>&#8212;<br \/>\nSecretaria de Comunica\u00e7\u00e3o Social (Secom)<br \/>\nIlh\u00e9us \u2013 17.09.2013<\/p>\n","protected":false},"excerpt":{"rendered":"<p>Nesta ter\u00e7a-feira, dia 17, a Prefeitura de Ilh\u00e9us executou a opera\u00e7\u00e3o nas avenidas Princesa Isabel, Itabuna e na Rua Am\u00e9lia Nunes, onde tamb\u00e9m foram realizados os servi\u00e7os de ro\u00e7agem da encosta. Nesta ter\u00e7a-feira, dia 17, aPrefeitura de Ilh\u00e9us, atrav\u00e9s da Secretaria Municipal de Desenvolvimento Social (Sedur), concentrou os servi\u00e7os da Opera\u00e7\u00e3o Tapa Buracos nas avenidas [&hellip;]<\/p>\n","protected":false},"author":2,"featured_media":0,"comment_status":"open","ping_status":"open","sticky":false,"template":"","format":"standard","meta":{"_links_to":"","_links_to_target":""},"categories":[1],"tags":[],"_links":{"self":[{"href":"https:\/\/www.r2cpress.com.br\/v1\/wp-json\/wp\/v2\/posts\/72072"}],"collection":[{"href":"https:\/\/www.r2cpress.com.br\/v1\/wp-json\/wp\/v2\/posts"}],"about":[{"href":"https:\/\/www.r2cpress.com.br\/v1\/wp-json\/wp\/v2\/types\/post"}],"author":[{"embeddable":true,"href":"https:\/\/www.r2cpress.com.br\/v1\/wp-json\/wp\/v2\/users\/2"}],"replies":[{"embeddable":true,"href":"https:\/\/www.r2cpress.com.br\/v1\/wp-json\/wp\/v2\/comments?post=72072"}],"version-history":[{"count":2,"href":"https:\/\/www.r2cpress.com.br\/v1\/wp-json\/wp\/v2\/posts\/72072\/revisions"}],"predecessor-version":[{"id":72076,"href":"https:\/\/www.r2cpress.com.br\/v1\/wp-json\/wp\/v2\/posts\/72072\/revisions\/72076"}],"wp:attachment":[{"href":"https:\/\/www.r2cpress.com.br\/v1\/wp-json\/wp\/v2\/media?parent=72072"}],"wp:term":[{"taxonomy":"category","embeddable":true,"href":"https:\/\/www.r2cpress.com.br\/v1\/wp-json\/wp\/v2\/categories?post=72072"},{"taxonomy":"post_tag","embeddable":true,"href":"https:\/\/www.r2cpress.com.br\/v1\/wp-json\/wp\/v2\/tags?post=72072"}],"curies":[{"name":"wp","href":"https:\/\/api.w.org\/{rel}","templated":true}]}}