{"id":72077,"date":"2013-09-17T17:21:32","date_gmt":"2013-09-17T20:21:32","guid":{"rendered":"http:\/\/www.r2cpress.com.br\/v1\/?p=72077"},"modified":"2013-09-17T17:21:32","modified_gmt":"2013-09-17T20:21:32","slug":"meninos-da-sapetinga","status":"publish","type":"post","link":"https:\/\/www.r2cpress.com.br\/v1\/2013\/09\/17\/meninos-da-sapetinga\/","title":{"rendered":"MENINOS DA SAPETINGA"},"content":{"rendered":"<p><img loading=\"lazy\" class=\"alignright\" alt=\"\" src=\"http:\/\/www.r2cpress.com.br\/v1\/wp-content\/uploads\/zecarlos-r2cpress_reduzida.jpg\" width=\"300\" height=\"207\" \/>Parece que foi ontem, pois tenho apenas 42 anos que moro, vivo e curto de mont\u00e3o este especial\u00edssimo local da cidade, a nossa querida Sapetinga.<\/p>\n<p>Sair daqui s\u00f3 para o endere\u00e7o j\u00e1 reservado na colina das Nossas Senhoras das Vit\u00f3rias.<\/p>\n<p>Por esse tempo aqui passado j\u00e1 vi de um tudo, comecei com a lama, sem \u00e1gua, sem telefone, sem energia, mas estava entre os mais valentes que resolveram enfrentar chuvas e tempestades no lugar que antes era um grande curral e mangue.<\/p>\n<p>Pura valentia e tamb\u00e9m a necessidade de ter uma resid\u00eancia pr\u00f3pria e, por tudo isso e as gra\u00e7as do bom Deus, valeu realmente a aventura e hoje vivemos num para\u00edso, num dos melhores locais de Ilh\u00e9us. Obrigado Senhor!<\/p>\n<p>O prazer torna-se completo quando compartilhamos a amizade de in\u00fameros vizinhos e amigos, muitos j\u00e1 foram para a morada eterna e muitos ainda est\u00e3o aqui, para a alegria de todos.<\/p>\n<p>Acompanhei o surgimento de muitas crian\u00e7as, sua adolesc\u00eancia e seu in\u00edcio para a vida adulta, alguns filhos de amigos e outros filhos de vizinhos que hoje s\u00e3o pais respons\u00e1veis, vejam que gra\u00e7a alcan\u00e7ada, v\u00ea-se o nascimento e o que resultou dessa apari\u00e7\u00e3o.<\/p>\n<div id=\"attachment_72078\" style=\"width: 610px\" class=\"wp-caption aligncenter\"><a href=\"http:\/\/www.r2cpress.com.br\/v1\/wp-content\/uploads\/Antonio-Nogueira-Formiga-Filho-e-Marcelo-Taraschi.jpg\"><img aria-describedby=\"caption-attachment-72078\" loading=\"lazy\" class=\"size-full wp-image-72078\" alt=\"(E) Antonio Nogueira Formiga Filho e Marcelo Taraschi\" src=\"http:\/\/www.r2cpress.com.br\/v1\/wp-content\/uploads\/Antonio-Nogueira-Formiga-Filho-e-Marcelo-Taraschi.jpg\" width=\"600\" height=\"536\" srcset=\"https:\/\/www.r2cpress.com.br\/v1\/wp-content\/uploads\/Antonio-Nogueira-Formiga-Filho-e-Marcelo-Taraschi.jpg 600w, https:\/\/www.r2cpress.com.br\/v1\/wp-content\/uploads\/Antonio-Nogueira-Formiga-Filho-e-Marcelo-Taraschi-300x268.jpg 300w\" sizes=\"(max-width: 600px) 100vw, 600px\" \/><\/a><p id=\"caption-attachment-72078\" class=\"wp-caption-text\">(E) Antonio Nogueira Formiga Filho e Marcelo Taraschi<\/p><\/div>\n<p>Meu coment\u00e1rio de hoje vai para os meninos <b>Dr. Antonio Nogueira Formiga<\/b> <b>Filho,<\/b> Oftalmologista e propriet\u00e1rio da excelente cl\u00ednica CENOE e <b>Marcelo Taraschi,<\/b> empres\u00e1rio, propriet\u00e1rio do Volp Clube Ilh\u00e9us e Bob\u2019s.<\/p>\n<p>\u00c9 muito prazeroso encontrar essas duas lindas figuras desempenhando suas atividades e voltar ao passado quando eram crian\u00e7as e adolescentes, hoje se comportando como pessoas empreendedoras de sucesso.<\/p>\n<p>Pois \u00e9 meus meninos! Que o Senhor seja uma presen\u00e7a viva em suas vidas, queridos e amados vizinhos.<\/p>\n<p align=\"center\"><b>Z\u00c9CARLOS JUNIOR<\/b><\/p>\n","protected":false},"excerpt":{"rendered":"<p>Parece que foi ontem, pois tenho apenas 42 anos que moro, vivo e curto de mont\u00e3o este especial\u00edssimo local da cidade, a nossa querida Sapetinga. Sair daqui s\u00f3 para o endere\u00e7o j\u00e1 reservado na colina das Nossas Senhoras das Vit\u00f3rias. Por esse tempo aqui passado j\u00e1 vi de um tudo, comecei com a lama, sem [&hellip;]<\/p>\n","protected":false},"author":2,"featured_media":0,"comment_status":"open","ping_status":"open","sticky":false,"template":"","format":"standard","meta":{"_links_to":"","_links_to_target":""},"categories":[10],"tags":[],"_links":{"self":[{"href":"https:\/\/www.r2cpress.com.br\/v1\/wp-json\/wp\/v2\/posts\/72077"}],"collection":[{"href":"https:\/\/www.r2cpress.com.br\/v1\/wp-json\/wp\/v2\/posts"}],"about":[{"href":"https:\/\/www.r2cpress.com.br\/v1\/wp-json\/wp\/v2\/types\/post"}],"author":[{"embeddable":true,"href":"https:\/\/www.r2cpress.com.br\/v1\/wp-json\/wp\/v2\/users\/2"}],"replies":[{"embeddable":true,"href":"https:\/\/www.r2cpress.com.br\/v1\/wp-json\/wp\/v2\/comments?post=72077"}],"version-history":[{"count":3,"href":"https:\/\/www.r2cpress.com.br\/v1\/wp-json\/wp\/v2\/posts\/72077\/revisions"}],"predecessor-version":[{"id":72081,"href":"https:\/\/www.r2cpress.com.br\/v1\/wp-json\/wp\/v2\/posts\/72077\/revisions\/72081"}],"wp:attachment":[{"href":"https:\/\/www.r2cpress.com.br\/v1\/wp-json\/wp\/v2\/media?parent=72077"}],"wp:term":[{"taxonomy":"category","embeddable":true,"href":"https:\/\/www.r2cpress.com.br\/v1\/wp-json\/wp\/v2\/categories?post=72077"},{"taxonomy":"post_tag","embeddable":true,"href":"https:\/\/www.r2cpress.com.br\/v1\/wp-json\/wp\/v2\/tags?post=72077"}],"curies":[{"name":"wp","href":"https:\/\/api.w.org\/{rel}","templated":true}]}}