{"id":72093,"date":"2013-09-17T22:44:35","date_gmt":"2013-09-18T01:44:35","guid":{"rendered":"http:\/\/www.r2cpress.com.br\/v1\/?p=72093"},"modified":"2013-09-17T22:44:35","modified_gmt":"2013-09-18T01:44:35","slug":"entrada-dos-bairros-ceplus-e-n-sra-da-vitoria","status":"publish","type":"post","link":"https:\/\/www.r2cpress.com.br\/v1\/2013\/09\/17\/entrada-dos-bairros-ceplus-e-n-sra-da-vitoria\/","title":{"rendered":"ENTRADA DOS BAIRROS CEPLUS E N.SRA DA VIT\u00d3RIA"},"content":{"rendered":"<p>Rabat, \u00e9 com pesar que mais uma vez venho atrav\u00e9s do site manifestar sobre um problema recorrente nessa regi\u00e3o, os buracos enormes que se abrem logo perto do trevo de acesso aos bairros, onde recentemente a Embasa esteve no local \u201ctampando\u201d os buracos ali existentes, e que com menos de 2 meses j\u00e1 foram novamente abertos, demonstrando assim a p\u00e9ssima qualidade do servi\u00e7o realizado.<\/p>\n<p><center> <a href=\"http:\/\/www.r2cpress.com.br\/v1\/wp-content\/uploads\/glauber-entrada-ceplus-pesar-e-pegadinha.jpg\"><img loading=\"lazy\" src=\"http:\/\/www.r2cpress.com.br\/v1\/wp-content\/uploads\/glauber-entrada-ceplus-pesar-e-pegadinha.jpg\" alt=\"glauber entrada ceplus pesar e pegadinha\" width=\"600\" height=\"543\" class=\"aligncenter size-full wp-image-72094\" srcset=\"https:\/\/www.r2cpress.com.br\/v1\/wp-content\/uploads\/glauber-entrada-ceplus-pesar-e-pegadinha.jpg 600w, https:\/\/www.r2cpress.com.br\/v1\/wp-content\/uploads\/glauber-entrada-ceplus-pesar-e-pegadinha-300x271.jpg 300w\" sizes=\"(max-width: 600px) 100vw, 600px\" \/><\/a>   <\/center><\/p>\n<p>J\u00e1 que a prefeitura usa o espa\u00e7o para real\u00e7ar o trabalho realizado denominado \u201cTAPA BURACOS\u201d, podiam olhar para essa \u00e1rea que j\u00e1 sofre com esse problema h\u00e1 muito tempo, e a Embasa, verificar a situa\u00e7\u00e3o de um canal que corre paralelo a essa avenida, que quando h\u00e1 chuvas inunda toda a \u00e1rea, formando um verdadeiro lago, causando diversos acidentes.<\/p>\n<p>&#8212;<br \/>\nGlauber Barboza Fonseca <\/p>\n","protected":false},"excerpt":{"rendered":"<p>Rabat, \u00e9 com pesar que mais uma vez venho atrav\u00e9s do site manifestar sobre um problema recorrente nessa regi\u00e3o, os buracos enormes que se abrem logo perto do trevo de acesso aos bairros, onde recentemente a Embasa esteve no local \u201ctampando\u201d os buracos ali existentes, e que com menos de 2 meses j\u00e1 foram novamente [&hellip;]<\/p>\n","protected":false},"author":2,"featured_media":0,"comment_status":"open","ping_status":"open","sticky":false,"template":"","format":"standard","meta":{"_links_to":"","_links_to_target":""},"categories":[10],"tags":[],"_links":{"self":[{"href":"https:\/\/www.r2cpress.com.br\/v1\/wp-json\/wp\/v2\/posts\/72093"}],"collection":[{"href":"https:\/\/www.r2cpress.com.br\/v1\/wp-json\/wp\/v2\/posts"}],"about":[{"href":"https:\/\/www.r2cpress.com.br\/v1\/wp-json\/wp\/v2\/types\/post"}],"author":[{"embeddable":true,"href":"https:\/\/www.r2cpress.com.br\/v1\/wp-json\/wp\/v2\/users\/2"}],"replies":[{"embeddable":true,"href":"https:\/\/www.r2cpress.com.br\/v1\/wp-json\/wp\/v2\/comments?post=72093"}],"version-history":[{"count":2,"href":"https:\/\/www.r2cpress.com.br\/v1\/wp-json\/wp\/v2\/posts\/72093\/revisions"}],"predecessor-version":[{"id":72096,"href":"https:\/\/www.r2cpress.com.br\/v1\/wp-json\/wp\/v2\/posts\/72093\/revisions\/72096"}],"wp:attachment":[{"href":"https:\/\/www.r2cpress.com.br\/v1\/wp-json\/wp\/v2\/media?parent=72093"}],"wp:term":[{"taxonomy":"category","embeddable":true,"href":"https:\/\/www.r2cpress.com.br\/v1\/wp-json\/wp\/v2\/categories?post=72093"},{"taxonomy":"post_tag","embeddable":true,"href":"https:\/\/www.r2cpress.com.br\/v1\/wp-json\/wp\/v2\/tags?post=72093"}],"curies":[{"name":"wp","href":"https:\/\/api.w.org\/{rel}","templated":true}]}}