{"id":72113,"date":"2013-09-18T20:04:02","date_gmt":"2013-09-18T23:04:02","guid":{"rendered":"http:\/\/www.r2cpress.com.br\/v1\/?p=72113"},"modified":"2013-09-18T20:04:02","modified_gmt":"2013-09-18T23:04:02","slug":"onibus-do-transporte-coletivo-e-incendiado-em-ilheus","status":"publish","type":"post","link":"https:\/\/www.r2cpress.com.br\/v1\/2013\/09\/18\/onibus-do-transporte-coletivo-e-incendiado-em-ilheus\/","title":{"rendered":"\u00d4nibus do transporte coletivo \u00e9 incendiado em Ilh\u00e9us"},"content":{"rendered":"<p>Um \u00f4nibus da Viametro Transportes Urbanos, que atua no sistema de transporte p\u00fablico do munic\u00edpio de Ilh\u00e9us, foi incendiado na noite de ontem, dia 17, por volta das 21 horas, quando \u00a0se encontrava estacionado no fim de linha do Bairro Hernani S\u00e1, tamb\u00e9m conhecido como Urbis. No momento do atentado, o ve\u00edculo, de placa policial JRT 6279, encontrava-se vazio.<\/p>\n<div id=\"attachment_72114\" style=\"width: 610px\" class=\"wp-caption aligncenter\"><a href=\"http:\/\/www.r2cpress.com.br\/v1\/wp-content\/uploads\/Peritos-da-Pol\u00edcia-T\u00e9cnica-estiveram-no-local.jpg\"><img aria-describedby=\"caption-attachment-72114\" loading=\"lazy\" class=\"size-full wp-image-72114\" alt=\"Peritos da Pol\u00edcia T\u00e9cnica estiveram no local.\" src=\"http:\/\/www.r2cpress.com.br\/v1\/wp-content\/uploads\/Peritos-da-Pol\u00edcia-T\u00e9cnica-estiveram-no-local.jpg\" width=\"600\" height=\"400\" srcset=\"https:\/\/www.r2cpress.com.br\/v1\/wp-content\/uploads\/Peritos-da-Pol\u00edcia-T\u00e9cnica-estiveram-no-local.jpg 600w, https:\/\/www.r2cpress.com.br\/v1\/wp-content\/uploads\/Peritos-da-Pol\u00edcia-T\u00e9cnica-estiveram-no-local-300x200.jpg 300w\" sizes=\"(max-width: 600px) 100vw, 600px\" \/><\/a><p id=\"caption-attachment-72114\" class=\"wp-caption-text\">Peritos da Pol\u00edcia T\u00e9cnica estiveram no local.<\/p><\/div>\n<p>Logo ap\u00f3s o incidente, a dire\u00e7\u00e3o da empresa prestou queixa do ocorrido \u00e0 pol\u00edcia. E hoje, por volta do meio dia, os peritos do departamento de Pol\u00edcia T\u00e9cnica da Secretaria de Seguran\u00e7a P\u00fablica da Bahia iniciaram o trabalho de per\u00edcia no local do inc\u00eandio.<\/p>\n<p>A dire\u00e7\u00e3o da empresa lamenta o ocorrido e repudia a depreda\u00e7\u00e3o e queima criminosa de \u00f4nibus, tipo de ato que coloca em risco a vida das pessoas e compromete a rotina das empresas. A Viametro reafirma o seu compromisso de garantir transporte p\u00fablico de qualidade aos ilheenses e se coloca \u00e0 disposi\u00e7\u00e3o da comunidade para discutir assuntos relativos aos servi\u00e7os prestados na \u00e1rea de transporte de passageiros.<\/p>\n<p>Por outro lado, a Viametro tamb\u00e9m esclarece que a popula\u00e7\u00e3o tem todo o direito de fazer manifesta\u00e7\u00f5es por melhoria da qualidade e valor dos servi\u00e7os, mas nem a empresa e nem os cidad\u00e3os de bem que residem em Ilh\u00e9us admitem atos de vandalismo de qualquer natureza.<\/p>\n<p style=\"text-align: center;\"><b>NOTA P\u00daBLICA <\/b><\/p>\n<p>\u00a0A Viametro Transportes Urbanos, empresa que atua no sistema de transporte p\u00fablico do munic\u00edpio de Ilh\u00e9us, lamenta profundamente o ato de vandalismo, ocorrido na noite de segunda-feira, dia 17, por volta das 21 horas, no bairro Hernani S\u00e1, que resultou no inc\u00eandio do \u00f4nibus. Felizmente, n\u00e3o houve v\u00edtimas, pois o ve\u00edculo encontrava-se vazio.<\/p>\n<p>A dire\u00e7\u00e3o da empresa repudia a depreda\u00e7\u00e3o e queima criminosa de \u00f4nibus, pois esse tipo de ato p\u00f5e em risco a vida das pessoas e compromete a rotina do servi\u00e7o p\u00fablico de transporte.<\/p>\n<p>A Viametro entende que a popula\u00e7\u00e3o tem todo o direito de fazer manifesta\u00e7\u00f5es por melhoria da qualidade e valor dos servi\u00e7os, mas nem a empresa e nem os cidad\u00e3os de bem que residem em Ilh\u00e9us admitem atos de vandalismo de qualquer natureza.<\/p>\n<p>Assim, a Viametro reafirma o seu compromisso de garantir transporte p\u00fablico de qualidade aos ilheenses e se coloca \u00e0 disposi\u00e7\u00e3o da comunidade para discutir assuntos relativos aos servi\u00e7os prestados na \u00e1rea de transporte de passageiros.<\/p>\n<p style=\"text-align: center;\">Ilh\u00e9us, 18 de setembro de 2013.<\/p>\n","protected":false},"excerpt":{"rendered":"<p>Um \u00f4nibus da Viametro Transportes Urbanos, que atua no sistema de transporte p\u00fablico do munic\u00edpio de Ilh\u00e9us, foi incendiado na noite de ontem, dia 17, por volta das 21 horas, quando \u00a0se encontrava estacionado no fim de linha do Bairro Hernani S\u00e1, tamb\u00e9m conhecido como Urbis. No momento do atentado, o ve\u00edculo, de placa policial [&hellip;]<\/p>\n","protected":false},"author":2,"featured_media":0,"comment_status":"open","ping_status":"open","sticky":false,"template":"","format":"standard","meta":{"_links_to":"","_links_to_target":""},"categories":[25],"tags":[],"_links":{"self":[{"href":"https:\/\/www.r2cpress.com.br\/v1\/wp-json\/wp\/v2\/posts\/72113"}],"collection":[{"href":"https:\/\/www.r2cpress.com.br\/v1\/wp-json\/wp\/v2\/posts"}],"about":[{"href":"https:\/\/www.r2cpress.com.br\/v1\/wp-json\/wp\/v2\/types\/post"}],"author":[{"embeddable":true,"href":"https:\/\/www.r2cpress.com.br\/v1\/wp-json\/wp\/v2\/users\/2"}],"replies":[{"embeddable":true,"href":"https:\/\/www.r2cpress.com.br\/v1\/wp-json\/wp\/v2\/comments?post=72113"}],"version-history":[{"count":2,"href":"https:\/\/www.r2cpress.com.br\/v1\/wp-json\/wp\/v2\/posts\/72113\/revisions"}],"predecessor-version":[{"id":72116,"href":"https:\/\/www.r2cpress.com.br\/v1\/wp-json\/wp\/v2\/posts\/72113\/revisions\/72116"}],"wp:attachment":[{"href":"https:\/\/www.r2cpress.com.br\/v1\/wp-json\/wp\/v2\/media?parent=72113"}],"wp:term":[{"taxonomy":"category","embeddable":true,"href":"https:\/\/www.r2cpress.com.br\/v1\/wp-json\/wp\/v2\/categories?post=72113"},{"taxonomy":"post_tag","embeddable":true,"href":"https:\/\/www.r2cpress.com.br\/v1\/wp-json\/wp\/v2\/tags?post=72113"}],"curies":[{"name":"wp","href":"https:\/\/api.w.org\/{rel}","templated":true}]}}