{"id":72121,"date":"2013-09-18T20:19:28","date_gmt":"2013-09-18T23:19:28","guid":{"rendered":"http:\/\/www.r2cpress.com.br\/v1\/?p=72121"},"modified":"2013-09-18T20:19:28","modified_gmt":"2013-09-18T23:19:28","slug":"o-brasil-ia-mudar-ia","status":"publish","type":"post","link":"https:\/\/www.r2cpress.com.br\/v1\/2013\/09\/18\/o-brasil-ia-mudar-ia\/","title":{"rendered":"O BRASIL IA MUDAR. IA"},"content":{"rendered":"<p><img loading=\"lazy\" src=\"http:\/\/www.r2cpress.com.br\/v1\/wp-content\/uploads\/NILSON-PESSOA_MODIFICADA.jpg\" width=\"300\" height=\"209\" class=\"alignleft\" \/>Parab\u00e9ns, Joaquim Barbosa, pelo esfor\u00e7o herc\u00faleo e descomunal para mudar a m\u00e1xima desse Pa\u00eds onde ricos e pol\u00edticos n\u00e3o v\u00e3o pro xadrez.<\/p>\n<p>Infelizmente seu projeto, por enquanto, foi por \u00e1gua abaixo, vencido n\u00e3o s\u00f3 por Celso de Mello nesta tarde, mas, principalmente, por Lewandowsky e Toffoli ao longo de todo processo do mensal\u00e3o. Celso de Mello frustrou a expectativa de muitos milh\u00f5es de brasileiros &#8211; quase todos &#8211; com o voto de hoje favor\u00e1vel aos embargos, o que j\u00e1 era esperado. N\u00e3o vamos aqui dissertar ou detalhar os famigerados embargos infringentes (estes nunca antes aplicados pelo STF), at\u00e9 porque n\u00e3o somos juristas. Mas como um leigo observador, entendo que cabe a quem julga, interpretar tecnicamente a Lei e aplic\u00e1-la. Na teoria, tudo bem. <\/p>\n<p>Na pr\u00e1tica, penso ser um pouco diferente, pois o julgador n\u00e3o \u00e9 uma m\u00e1quina, \u00e9 algu\u00e9m dotado de raz\u00e3o, emo\u00e7\u00e3o e sangue nas veias. M\u00e1quinas n\u00e3o t\u00eam bom senso, humanos t\u00eam e podem us\u00e1-lo sem desvirtuar a Lei.  <\/p>\n<p>Perdeu-se uma oportunidade \u00e1urea de se mudar a hist\u00f3ria brasileira, no que tange \u00e0 legisla\u00e7\u00e3o ser dura e igual para todos. <\/p>\n<p>Gente como Dirceu, Val\u00e9rio, Geno\u00edno, Del\u00fabio e outros ser\u00e1 enormemente beneficiada pelo voto de minerva de Celso de Mello e, bem prov\u00e1vel, alguns deles n\u00e3o mais ver\u00e3o o sol nascer quadrado, apesar dos crimes cometidos.<\/p>\n<p>A noite deste 18 de setembro de 2013 ser\u00e1 m\u00e1gica e gloriosa aos mensaleiros, que comemorar\u00e3o \u00e0 base de muito champagne franc\u00eas, caviar russo e charuto cubano, sem dispensar, claro, uma saborosa pizza \u00e0 brasileira. Felicidade deles, tristeza e decep\u00e7\u00e3o nossas. Nada mudou.<\/p>\n<p><em><strong>Nilson Pessoa<\/strong><\/em><\/p>\n","protected":false},"excerpt":{"rendered":"<p>Parab\u00e9ns, Joaquim Barbosa, pelo esfor\u00e7o herc\u00faleo e descomunal para mudar a m\u00e1xima desse Pa\u00eds onde ricos e pol\u00edticos n\u00e3o v\u00e3o pro xadrez. Infelizmente seu projeto, por enquanto, foi por \u00e1gua abaixo, vencido n\u00e3o s\u00f3 por Celso de Mello nesta tarde, mas, principalmente, por Lewandowsky e Toffoli ao longo de todo processo do mensal\u00e3o. Celso de [&hellip;]<\/p>\n","protected":false},"author":2,"featured_media":0,"comment_status":"open","ping_status":"open","sticky":false,"template":"","format":"standard","meta":{"_links_to":"","_links_to_target":""},"categories":[10],"tags":[],"_links":{"self":[{"href":"https:\/\/www.r2cpress.com.br\/v1\/wp-json\/wp\/v2\/posts\/72121"}],"collection":[{"href":"https:\/\/www.r2cpress.com.br\/v1\/wp-json\/wp\/v2\/posts"}],"about":[{"href":"https:\/\/www.r2cpress.com.br\/v1\/wp-json\/wp\/v2\/types\/post"}],"author":[{"embeddable":true,"href":"https:\/\/www.r2cpress.com.br\/v1\/wp-json\/wp\/v2\/users\/2"}],"replies":[{"embeddable":true,"href":"https:\/\/www.r2cpress.com.br\/v1\/wp-json\/wp\/v2\/comments?post=72121"}],"version-history":[{"count":2,"href":"https:\/\/www.r2cpress.com.br\/v1\/wp-json\/wp\/v2\/posts\/72121\/revisions"}],"predecessor-version":[{"id":72123,"href":"https:\/\/www.r2cpress.com.br\/v1\/wp-json\/wp\/v2\/posts\/72121\/revisions\/72123"}],"wp:attachment":[{"href":"https:\/\/www.r2cpress.com.br\/v1\/wp-json\/wp\/v2\/media?parent=72121"}],"wp:term":[{"taxonomy":"category","embeddable":true,"href":"https:\/\/www.r2cpress.com.br\/v1\/wp-json\/wp\/v2\/categories?post=72121"},{"taxonomy":"post_tag","embeddable":true,"href":"https:\/\/www.r2cpress.com.br\/v1\/wp-json\/wp\/v2\/tags?post=72121"}],"curies":[{"name":"wp","href":"https:\/\/api.w.org\/{rel}","templated":true}]}}