{"id":72132,"date":"2013-09-18T20:26:27","date_gmt":"2013-09-18T23:26:27","guid":{"rendered":"http:\/\/www.r2cpress.com.br\/v1\/?p=72132"},"modified":"2013-09-18T20:26:27","modified_gmt":"2013-09-18T23:26:27","slug":"caminhada-coracao-azul-fortalece-luta-contra-o-trafico-de-pessoas-na-bahia","status":"publish","type":"post","link":"https:\/\/www.r2cpress.com.br\/v1\/2013\/09\/18\/caminhada-coracao-azul-fortalece-luta-contra-o-trafico-de-pessoas-na-bahia\/","title":{"rendered":"Caminhada Cora\u00e7\u00e3o Azul fortalece luta contra o tr\u00e1fico de pessoas na Bahia"},"content":{"rendered":"<p><strong>Bras\u00edlia (18\/09\/2013)<\/strong> \u2013 O N\u00facleo de Enfrentamento ao Tr\u00e1fico de Pessoas da Bahia vai promover, neste domingo (22\/09), a caminhada Cora\u00e7\u00e3o Azul, para incentivar a participa\u00e7\u00e3o da popula\u00e7\u00e3o no combate ao tr\u00e1fico de pessoas.<\/p>\n<p>Os participantes devem usar a cor azul, para demonstrar solidariedade com as v\u00edtimas do crime. A caminhada seguir\u00e1 o percurso do monumento do Cristo at\u00e9 o Farol da Barra.<\/p>\n<p>A Campanha Cora\u00e7\u00e3o Azul \u00e9 uma iniciativa global para conscientiza\u00e7\u00e3o sobre o Tr\u00e1fico de Pessoas das Na\u00e7\u00f5es Unidas. O Cora\u00e7\u00e3o Azul representa a tristeza das v\u00edtimas do tr\u00e1fico de pessoas e lembra a insensibilidade daqueles que compram e vendem outros seres humanos. O uso da cor azul das Na\u00e7\u00f5es Unidas tamb\u00e9m demonstra o compromisso da organiza\u00e7\u00e3o no combate a esse crime que atenta contra a dignidade humana.<\/p>\n<p>Servi\u00e7o<\/p>\n<p>Caminhada Cora\u00e7\u00e3o Azul &#8211; Bahia<\/p>\n<p>Local: Monumento do Cristo (Barra)<\/p>\n<p>Hor\u00e1rio: 9h<\/p>\n","protected":false},"excerpt":{"rendered":"<p>Bras\u00edlia (18\/09\/2013) \u2013 O N\u00facleo de Enfrentamento ao Tr\u00e1fico de Pessoas da Bahia vai promover, neste domingo (22\/09), a caminhada Cora\u00e7\u00e3o Azul, para incentivar a participa\u00e7\u00e3o da popula\u00e7\u00e3o no combate ao tr\u00e1fico de pessoas. Os participantes devem usar a cor azul, para demonstrar solidariedade com as v\u00edtimas do crime. A caminhada seguir\u00e1 o percurso do [&hellip;]<\/p>\n","protected":false},"author":2,"featured_media":0,"comment_status":"open","ping_status":"open","sticky":false,"template":"","format":"standard","meta":{"_links_to":"","_links_to_target":""},"categories":[16],"tags":[],"_links":{"self":[{"href":"https:\/\/www.r2cpress.com.br\/v1\/wp-json\/wp\/v2\/posts\/72132"}],"collection":[{"href":"https:\/\/www.r2cpress.com.br\/v1\/wp-json\/wp\/v2\/posts"}],"about":[{"href":"https:\/\/www.r2cpress.com.br\/v1\/wp-json\/wp\/v2\/types\/post"}],"author":[{"embeddable":true,"href":"https:\/\/www.r2cpress.com.br\/v1\/wp-json\/wp\/v2\/users\/2"}],"replies":[{"embeddable":true,"href":"https:\/\/www.r2cpress.com.br\/v1\/wp-json\/wp\/v2\/comments?post=72132"}],"version-history":[{"count":2,"href":"https:\/\/www.r2cpress.com.br\/v1\/wp-json\/wp\/v2\/posts\/72132\/revisions"}],"predecessor-version":[{"id":72134,"href":"https:\/\/www.r2cpress.com.br\/v1\/wp-json\/wp\/v2\/posts\/72132\/revisions\/72134"}],"wp:attachment":[{"href":"https:\/\/www.r2cpress.com.br\/v1\/wp-json\/wp\/v2\/media?parent=72132"}],"wp:term":[{"taxonomy":"category","embeddable":true,"href":"https:\/\/www.r2cpress.com.br\/v1\/wp-json\/wp\/v2\/categories?post=72132"},{"taxonomy":"post_tag","embeddable":true,"href":"https:\/\/www.r2cpress.com.br\/v1\/wp-json\/wp\/v2\/tags?post=72132"}],"curies":[{"name":"wp","href":"https:\/\/api.w.org\/{rel}","templated":true}]}}