{"id":72135,"date":"2013-09-18T20:28:43","date_gmt":"2013-09-18T23:28:43","guid":{"rendered":"http:\/\/www.r2cpress.com.br\/v1\/?p=72135"},"modified":"2013-09-18T20:28:43","modified_gmt":"2013-09-18T23:28:43","slug":"lembrete-de-meio-de-semana","status":"publish","type":"post","link":"https:\/\/www.r2cpress.com.br\/v1\/2013\/09\/18\/lembrete-de-meio-de-semana\/","title":{"rendered":"LEMBRETE DE MEIO DE SEMANA"},"content":{"rendered":"<p><img loading=\"lazy\" class=\"alignright\" alt=\"\" src=\"http:\/\/www.r2cpress.com.br\/v1\/wp-content\/uploads\/zecarlos-r2cpress_reduzida.jpg\" width=\"300\" height=\"207\" \/>Nota curtinha, s\u00f3 de pirra\u00e7a.<\/p>\n<p>Estamos chegando ao final do primeiro ano de mandato, vem a\u00ed o ver\u00e3o e a sua temporada \u00e9 prop\u00edcia para outras coisas e ningu\u00e9m tem tempo pra nada s\u00e9rio.<\/p>\n<p>No nosso pa\u00eds o ano administrativo termina em outubro e recome\u00e7a em mar\u00e7o do ano seguinte.<\/p>\n<p>Seria proveitoso que todos os secret\u00e1rios municipais fizessem uma presta\u00e7\u00e3o de contas de suas atividades, dos projetos colocados em pr\u00e1tica, das dificuldades encontradas, do que pensa para o futuro, do n\u00famero de funcion\u00e1rios que encontrou e como est\u00e1 o quadro no momento, enfim, um raio-X pra o povo se situar dentro da atual conjuntura.<\/p>\n<p>Inclusive uma secretaria super importante que ningu\u00e9m sabe pra que veio, adivinhe&#8230; o secret\u00e1rio recebe os mesmos proventos de quem realmente trabalha.<\/p>\n<p>Cabe \u00e0 assessoria de imprensa divulgar amplamente o material.<\/p>\n<p>Ser\u00e1 que \u00e9 poss\u00edvel?<\/p>\n<p align=\"center\"><b>\u00a0Z\u00c9CARLOS JUNIOR<\/b><\/p>\n","protected":false},"excerpt":{"rendered":"<p>Nota curtinha, s\u00f3 de pirra\u00e7a. Estamos chegando ao final do primeiro ano de mandato, vem a\u00ed o ver\u00e3o e a sua temporada \u00e9 prop\u00edcia para outras coisas e ningu\u00e9m tem tempo pra nada s\u00e9rio. No nosso pa\u00eds o ano administrativo termina em outubro e recome\u00e7a em mar\u00e7o do ano seguinte. Seria proveitoso que todos os [&hellip;]<\/p>\n","protected":false},"author":2,"featured_media":0,"comment_status":"open","ping_status":"open","sticky":false,"template":"","format":"standard","meta":{"_links_to":"","_links_to_target":""},"categories":[10],"tags":[],"_links":{"self":[{"href":"https:\/\/www.r2cpress.com.br\/v1\/wp-json\/wp\/v2\/posts\/72135"}],"collection":[{"href":"https:\/\/www.r2cpress.com.br\/v1\/wp-json\/wp\/v2\/posts"}],"about":[{"href":"https:\/\/www.r2cpress.com.br\/v1\/wp-json\/wp\/v2\/types\/post"}],"author":[{"embeddable":true,"href":"https:\/\/www.r2cpress.com.br\/v1\/wp-json\/wp\/v2\/users\/2"}],"replies":[{"embeddable":true,"href":"https:\/\/www.r2cpress.com.br\/v1\/wp-json\/wp\/v2\/comments?post=72135"}],"version-history":[{"count":2,"href":"https:\/\/www.r2cpress.com.br\/v1\/wp-json\/wp\/v2\/posts\/72135\/revisions"}],"predecessor-version":[{"id":72137,"href":"https:\/\/www.r2cpress.com.br\/v1\/wp-json\/wp\/v2\/posts\/72135\/revisions\/72137"}],"wp:attachment":[{"href":"https:\/\/www.r2cpress.com.br\/v1\/wp-json\/wp\/v2\/media?parent=72135"}],"wp:term":[{"taxonomy":"category","embeddable":true,"href":"https:\/\/www.r2cpress.com.br\/v1\/wp-json\/wp\/v2\/categories?post=72135"},{"taxonomy":"post_tag","embeddable":true,"href":"https:\/\/www.r2cpress.com.br\/v1\/wp-json\/wp\/v2\/tags?post=72135"}],"curies":[{"name":"wp","href":"https:\/\/api.w.org\/{rel}","templated":true}]}}