{"id":72138,"date":"2013-09-18T20:32:08","date_gmt":"2013-09-18T23:32:08","guid":{"rendered":"http:\/\/www.r2cpress.com.br\/v1\/?p=72138"},"modified":"2013-09-18T20:32:08","modified_gmt":"2013-09-18T23:32:08","slug":"derba-informa-a-jabes-ribeiro-dados-sobre-obras-do-interesse-de-ilheus","status":"publish","type":"post","link":"https:\/\/www.r2cpress.com.br\/v1\/2013\/09\/18\/derba-informa-a-jabes-ribeiro-dados-sobre-obras-do-interesse-de-ilheus\/","title":{"rendered":"Derba informa a Jabes Ribeiro dados sobre obras do interesse de Ilh\u00e9us"},"content":{"rendered":"<p><em><strong>O diretor do departamento, Saulo Pontes, informou que a obra da segunda ponte Pontal-Centro segue o cronograma normal e tirou d\u00favidas em rela\u00e7\u00e3o ao tra\u00e7ado da duplica\u00e7\u00e3o da BR-415, no trecho Ilh\u00e9us-Itabuna, deixando claro que a nova pista ser\u00e1 pela margem direita do Rio Cachoeira.<\/strong><\/em><\/p>\n<p><div id=\"attachment_72139\" style=\"width: 343px\" class=\"wp-caption alignleft\"><a href=\"http:\/\/www.r2cpress.com.br\/v1\/wp-content\/uploads\/Jabes-Ribeiro-prefeito-de-Ilh\u00e9us-e-Saulo-Pontes-diretor-do-Derba-Ascom-Derba.jpg\"><img aria-describedby=\"caption-attachment-72139\" loading=\"lazy\" src=\"http:\/\/www.r2cpress.com.br\/v1\/wp-content\/uploads\/Jabes-Ribeiro-prefeito-de-Ilh\u00e9us-e-Saulo-Pontes-diretor-do-Derba-Ascom-Derba.jpg\" alt=\"Jabes Ribeiro, prefeito de Ilh\u00e9us e Saulo Pontes, diretor do Derba - Ascom Derba.\" width=\"333\" height=\"250\" class=\"size-full wp-image-72139\" srcset=\"https:\/\/www.r2cpress.com.br\/v1\/wp-content\/uploads\/Jabes-Ribeiro-prefeito-de-Ilh\u00e9us-e-Saulo-Pontes-diretor-do-Derba-Ascom-Derba.jpg 333w, https:\/\/www.r2cpress.com.br\/v1\/wp-content\/uploads\/Jabes-Ribeiro-prefeito-de-Ilh\u00e9us-e-Saulo-Pontes-diretor-do-Derba-Ascom-Derba-300x225.jpg 300w\" sizes=\"(max-width: 333px) 100vw, 333px\" \/><\/a><p id=\"caption-attachment-72139\" class=\"wp-caption-text\">Jabes Ribeiro, prefeito de Ilh\u00e9us e Saulo Pontes, diretor do Derba &#8211; Ascom Derba.<\/p><\/div>Em audi\u00eancia com o diretor geral do Departamento de Infraestrutura de Transportes da Bahia (Derba), Saulo Pontes, o Prefeito de Ilh\u00e9us, Jabes Ribeiro, solicitou informa\u00e7\u00f5es sobre o andamento de diversos projetos importantes do interesse do munic\u00edpio e solicitou rapidez em rela\u00e7\u00e3o a algumas reivindica\u00e7\u00f5es da Prefeitura, a exemplo do apoio para a deflagra\u00e7\u00e3o de um amplo programa de recapeamento asf\u00e1ltico das vias urbanas.<\/p>\n<p>O prefeito, que estava acompanhado do secret\u00e1rio de Desenvolvimento Urbano (Sedur), Isaac Albagli, observou que, apesar das dificuldades que o munic\u00edpio atravessa tem procurado intensificar os contatos com os \u00f3rg\u00e3os da administra\u00e7\u00e3o estadual e do governo federal, em busca do apoio necess\u00e1rio para conseguir cumprir o seu compromisso de reorganizar Ilh\u00e9us e promover o bem estar dos seus habitantes.<\/p>\n<p><!--more--><\/p>\n<p>\u201cNo encontro, ainda solicitamos a cess\u00e3o, mais uma vez de uma patrulha mec\u00e2nica, para que possamos intensificar o trabalho de recupera\u00e7\u00e3o das estradas e ruas dos distritos de Ilh\u00e9us, tendo recebido uma reposta muito positiva\u201d, informou o prefeito.  Al\u00e9m de garantir que a concess\u00e3o do material necess\u00e1rio ao recapeamento s\u00f3 est\u00e1 aguardando a libera\u00e7\u00e3o dos recursos, Saulo Pontes informou que a obra da segunda ponte Pontal-Centro de Ilh\u00e9us est\u00e1 seguindo o cronograma normal e tirou todas as d\u00favidas em rela\u00e7\u00e3o ao tra\u00e7ado da duplica\u00e7\u00e3o da BR-415 no trecho Ilh\u00e9us-Itabuna, deixando claro que a nova pista ser\u00e1 mesmo pela margem direita do Rio Cachoeira.<\/p>\n<p>Novo aeroporto \u2013 Em rela\u00e7\u00e3o ao novo aeroporto, o prefeito acertou com o diretor do Derba para marcar uma audi\u00eancia com o ministro Moreira Franco, da Secretaria de Avia\u00e7\u00e3o Civil, possivelmente com a presen\u00e7a, tamb\u00e9m, do vice-governador e secret\u00e1rio de Infraestrutura da Bahia, Otto Alencar, para tentar resolver quaisquer pend\u00eancias que ainda existam e dar mais celeridade \u00e0 execu\u00e7\u00e3o do projeto. Quanto \u00e0 nova ponte, o prefeito lamentou o acidente que aconteceu com um barco que conduzia funcion\u00e1rios da empresa construtora respons\u00e1vel pela obra, mas observou que, apesar de tudo, a previs\u00e3o \u00e9 que o equipamento esteja conclu\u00eddo dentro dos prazos estipulados, o que ser\u00e1 a realiza\u00e7\u00e3o de um antigo sonho dos ilheenses.<\/p>\n<p>&#8212;<br \/>\nSecretaria de Comunica\u00e7\u00e3o Social (Secom)<br \/>\nIlh\u00e9us \u2013 18.09.2013<\/p>\n","protected":false},"excerpt":{"rendered":"<p>O diretor do departamento, Saulo Pontes, informou que a obra da segunda ponte Pontal-Centro segue o cronograma normal e tirou d\u00favidas em rela\u00e7\u00e3o ao tra\u00e7ado da duplica\u00e7\u00e3o da BR-415, no trecho Ilh\u00e9us-Itabuna, deixando claro que a nova pista ser\u00e1 pela margem direita do Rio Cachoeira. Em audi\u00eancia com o diretor geral do Departamento de Infraestrutura [&hellip;]<\/p>\n","protected":false},"author":2,"featured_media":0,"comment_status":"open","ping_status":"open","sticky":false,"template":"","format":"standard","meta":{"_links_to":"","_links_to_target":""},"categories":[23],"tags":[],"_links":{"self":[{"href":"https:\/\/www.r2cpress.com.br\/v1\/wp-json\/wp\/v2\/posts\/72138"}],"collection":[{"href":"https:\/\/www.r2cpress.com.br\/v1\/wp-json\/wp\/v2\/posts"}],"about":[{"href":"https:\/\/www.r2cpress.com.br\/v1\/wp-json\/wp\/v2\/types\/post"}],"author":[{"embeddable":true,"href":"https:\/\/www.r2cpress.com.br\/v1\/wp-json\/wp\/v2\/users\/2"}],"replies":[{"embeddable":true,"href":"https:\/\/www.r2cpress.com.br\/v1\/wp-json\/wp\/v2\/comments?post=72138"}],"version-history":[{"count":2,"href":"https:\/\/www.r2cpress.com.br\/v1\/wp-json\/wp\/v2\/posts\/72138\/revisions"}],"predecessor-version":[{"id":72141,"href":"https:\/\/www.r2cpress.com.br\/v1\/wp-json\/wp\/v2\/posts\/72138\/revisions\/72141"}],"wp:attachment":[{"href":"https:\/\/www.r2cpress.com.br\/v1\/wp-json\/wp\/v2\/media?parent=72138"}],"wp:term":[{"taxonomy":"category","embeddable":true,"href":"https:\/\/www.r2cpress.com.br\/v1\/wp-json\/wp\/v2\/categories?post=72138"},{"taxonomy":"post_tag","embeddable":true,"href":"https:\/\/www.r2cpress.com.br\/v1\/wp-json\/wp\/v2\/tags?post=72138"}],"curies":[{"name":"wp","href":"https:\/\/api.w.org\/{rel}","templated":true}]}}