{"id":7214,"date":"2011-01-23T08:08:42","date_gmt":"2011-01-23T11:08:42","guid":{"rendered":"http:\/\/www.r2cpress.com.br\/v1\/?p=7214"},"modified":"2011-01-23T08:08:42","modified_gmt":"2011-01-23T11:08:42","slug":"nota-de-falecimento-6","status":"publish","type":"post","link":"https:\/\/www.r2cpress.com.br\/v1\/2011\/01\/23\/nota-de-falecimento-6\/","title":{"rendered":"Nota de falecimento"},"content":{"rendered":"<p><center><img src = \"http:\/\/www.aopmba.com.br\/images\/logo1.gif\"\/><\/center><\/p>\n<p>23 de Janeiro de 2011<\/p>\n<p>\u00c9 com profundo pesar que registramos o falecimento do nosso associado, Senhor <strong>Tenente Coronel PM Am\u00e9rico Jorge Gon\u00e7alves Silva<\/strong>, ocorrido nesta data.<br \/>\nO seu corpo ser\u00e1 sepultado no Cemit\u00e9rio Campo Santo, sala 4, no dia 23\/01, \u00e0s 16 horas e 30 minutos. <\/p>\n","protected":false},"excerpt":{"rendered":"<p>23 de Janeiro de 2011 \u00c9 com profundo pesar que registramos o falecimento do nosso associado, Senhor Tenente Coronel PM Am\u00e9rico Jorge Gon\u00e7alves Silva, ocorrido nesta data. O seu corpo ser\u00e1 sepultado no Cemit\u00e9rio Campo Santo, sala 4, no dia 23\/01, \u00e0s 16 horas e 30 minutos.<\/p>\n","protected":false},"author":2,"featured_media":0,"comment_status":"open","ping_status":"open","sticky":false,"template":"","format":"standard","meta":{"_links_to":"","_links_to_target":""},"categories":[25],"tags":[],"_links":{"self":[{"href":"https:\/\/www.r2cpress.com.br\/v1\/wp-json\/wp\/v2\/posts\/7214"}],"collection":[{"href":"https:\/\/www.r2cpress.com.br\/v1\/wp-json\/wp\/v2\/posts"}],"about":[{"href":"https:\/\/www.r2cpress.com.br\/v1\/wp-json\/wp\/v2\/types\/post"}],"author":[{"embeddable":true,"href":"https:\/\/www.r2cpress.com.br\/v1\/wp-json\/wp\/v2\/users\/2"}],"replies":[{"embeddable":true,"href":"https:\/\/www.r2cpress.com.br\/v1\/wp-json\/wp\/v2\/comments?post=7214"}],"version-history":[{"count":2,"href":"https:\/\/www.r2cpress.com.br\/v1\/wp-json\/wp\/v2\/posts\/7214\/revisions"}],"predecessor-version":[{"id":7216,"href":"https:\/\/www.r2cpress.com.br\/v1\/wp-json\/wp\/v2\/posts\/7214\/revisions\/7216"}],"wp:attachment":[{"href":"https:\/\/www.r2cpress.com.br\/v1\/wp-json\/wp\/v2\/media?parent=7214"}],"wp:term":[{"taxonomy":"category","embeddable":true,"href":"https:\/\/www.r2cpress.com.br\/v1\/wp-json\/wp\/v2\/categories?post=7214"},{"taxonomy":"post_tag","embeddable":true,"href":"https:\/\/www.r2cpress.com.br\/v1\/wp-json\/wp\/v2\/tags?post=7214"}],"curies":[{"name":"wp","href":"https:\/\/api.w.org\/{rel}","templated":true}]}}