{"id":72150,"date":"2013-09-18T20:40:48","date_gmt":"2013-09-18T23:40:48","guid":{"rendered":"http:\/\/www.r2cpress.com.br\/v1\/?p=72150"},"modified":"2013-09-18T20:40:48","modified_gmt":"2013-09-18T23:40:48","slug":"prefeitura-de-ilheus-libera-terceira-parcela-de-pagamento-da-apae","status":"publish","type":"post","link":"https:\/\/www.r2cpress.com.br\/v1\/2013\/09\/18\/prefeitura-de-ilheus-libera-terceira-parcela-de-pagamento-da-apae\/","title":{"rendered":"Prefeitura de Ilh\u00e9us libera terceira parcela de pagamento da Apae"},"content":{"rendered":"<p>Os conv\u00eanios celebrados entre entidades socioassistenciais e o munic\u00edpio t\u00eam como objetivo auxiliar na manuten\u00e7\u00e3o dessas institui\u00e7\u00f5es.<\/p>\n<p>Mais uma parcela do conv\u00eanio n\u00ba 011\/2013, celebrado entre a Prefeitura Municipal de Ilh\u00e9us e a Associa\u00e7\u00e3o de Pais e Amigos dos Excepcionais de Ilh\u00e9us (Apae) foi liberada na \u00faltima semana, conforme a Lei Or\u00e7ament\u00e1ria de n\u00ba 3.633, de 07 de dezembro de 2012.<\/p>\n<p>Os conv\u00eanios celebrados entre entidades socioassistenciais e o munic\u00edpio t\u00eam como objetivo auxiliar na manuten\u00e7\u00e3o dessas institui\u00e7\u00f5es. A falta desses repasses afeta a organiza\u00e7\u00e3o e a presta\u00e7\u00e3o de servi\u00e7os oferecidos por estas unidades \u00e0 crian\u00e7as, adolescentes e fam\u00edlias que utilizam esses servi\u00e7os.<\/p>\n<p>De acordo com o secret\u00e1rio da pasta, Jamil Ock\u00e9 \u201cA SDS est\u00e1 buscando resolver todas as pend\u00eancias e problemas para garantir constantes melhorias nas rela\u00e7\u00f5es com institui\u00e7\u00f5es conveniadas e com a comunidade ilheense\u201d.<\/p>\n<p>&#8212;<br \/>\nSecretaria de Comunica\u00e7\u00e3o Social (Secom)<br \/>\nIlh\u00e9us \u2013 18.09.2013<\/p>\n","protected":false},"excerpt":{"rendered":"<p>Os conv\u00eanios celebrados entre entidades socioassistenciais e o munic\u00edpio t\u00eam como objetivo auxiliar na manuten\u00e7\u00e3o dessas institui\u00e7\u00f5es. Mais uma parcela do conv\u00eanio n\u00ba 011\/2013, celebrado entre a Prefeitura Municipal de Ilh\u00e9us e a Associa\u00e7\u00e3o de Pais e Amigos dos Excepcionais de Ilh\u00e9us (Apae) foi liberada na \u00faltima semana, conforme a Lei Or\u00e7ament\u00e1ria de n\u00ba 3.633, [&hellip;]<\/p>\n","protected":false},"author":2,"featured_media":0,"comment_status":"open","ping_status":"open","sticky":false,"template":"","format":"standard","meta":{"_links_to":"","_links_to_target":""},"categories":[23],"tags":[],"_links":{"self":[{"href":"https:\/\/www.r2cpress.com.br\/v1\/wp-json\/wp\/v2\/posts\/72150"}],"collection":[{"href":"https:\/\/www.r2cpress.com.br\/v1\/wp-json\/wp\/v2\/posts"}],"about":[{"href":"https:\/\/www.r2cpress.com.br\/v1\/wp-json\/wp\/v2\/types\/post"}],"author":[{"embeddable":true,"href":"https:\/\/www.r2cpress.com.br\/v1\/wp-json\/wp\/v2\/users\/2"}],"replies":[{"embeddable":true,"href":"https:\/\/www.r2cpress.com.br\/v1\/wp-json\/wp\/v2\/comments?post=72150"}],"version-history":[{"count":2,"href":"https:\/\/www.r2cpress.com.br\/v1\/wp-json\/wp\/v2\/posts\/72150\/revisions"}],"predecessor-version":[{"id":72152,"href":"https:\/\/www.r2cpress.com.br\/v1\/wp-json\/wp\/v2\/posts\/72150\/revisions\/72152"}],"wp:attachment":[{"href":"https:\/\/www.r2cpress.com.br\/v1\/wp-json\/wp\/v2\/media?parent=72150"}],"wp:term":[{"taxonomy":"category","embeddable":true,"href":"https:\/\/www.r2cpress.com.br\/v1\/wp-json\/wp\/v2\/categories?post=72150"},{"taxonomy":"post_tag","embeddable":true,"href":"https:\/\/www.r2cpress.com.br\/v1\/wp-json\/wp\/v2\/tags?post=72150"}],"curies":[{"name":"wp","href":"https:\/\/api.w.org\/{rel}","templated":true}]}}