{"id":72157,"date":"2013-09-18T21:02:14","date_gmt":"2013-09-19T00:02:14","guid":{"rendered":"http:\/\/www.r2cpress.com.br\/v1\/?p=72157"},"modified":"2013-09-18T21:02:14","modified_gmt":"2013-09-19T00:02:14","slug":"secretaria-de-saude-capacita-tecnicos-para-inspecao-dos-prestadores-de-servico","status":"publish","type":"post","link":"https:\/\/www.r2cpress.com.br\/v1\/2013\/09\/18\/secretaria-de-saude-capacita-tecnicos-para-inspecao-dos-prestadores-de-servico\/","title":{"rendered":"Secretaria de Sa\u00fade capacita t\u00e9cnicos para inspe\u00e7\u00e3o dos prestadores de servi\u00e7o"},"content":{"rendered":"<p><em><strong>Os t\u00e9cnicos s\u00e3o capacitados para visitas de inspe\u00e7\u00e3o t\u00e9cnicas nas cl\u00ednicas, laborat\u00f3rios e hospitais que se habilitares a prestarem de servi\u00e7o de sa\u00fade complementar de alta e m\u00e9dia complexidade.<\/strong><\/em><\/p>\n<div id=\"attachment_72158\" style=\"width: 610px\" class=\"wp-caption aligncenter\"><a href=\"http:\/\/www.r2cpress.com.br\/v1\/wp-content\/uploads\/Curso-de-capacita\u00e7\u00e3o-para-servidores-da-Sa\u00fade-Foto-Alfredo-Filho-Secom-Ilh\u00e9us-18.09.2013.jpg\"><img aria-describedby=\"caption-attachment-72158\" loading=\"lazy\" src=\"http:\/\/www.r2cpress.com.br\/v1\/wp-content\/uploads\/Curso-de-capacita\u00e7\u00e3o-para-servidores-da-Sa\u00fade-Foto-Alfredo-Filho-Secom-Ilh\u00e9us-18.09.2013.jpg\" alt=\"Curso de capacita\u00e7\u00e3o para servidores da Sa\u00fade - Foto Alfredo Filho (Secom Ilh\u00e9us) 18.09.2013.\" width=\"600\" height=\"408\" class=\"size-full wp-image-72158\" srcset=\"https:\/\/www.r2cpress.com.br\/v1\/wp-content\/uploads\/Curso-de-capacita\u00e7\u00e3o-para-servidores-da-Sa\u00fade-Foto-Alfredo-Filho-Secom-Ilh\u00e9us-18.09.2013.jpg 600w, https:\/\/www.r2cpress.com.br\/v1\/wp-content\/uploads\/Curso-de-capacita\u00e7\u00e3o-para-servidores-da-Sa\u00fade-Foto-Alfredo-Filho-Secom-Ilh\u00e9us-18.09.2013-300x204.jpg 300w\" sizes=\"(max-width: 600px) 100vw, 600px\" \/><\/a><p id=\"caption-attachment-72158\" class=\"wp-caption-text\">Curso de capacita\u00e7\u00e3o para servidores da Sa\u00fade &#8211; Foto Alfredo Filho (Secom Ilh\u00e9us) 18.09.2013.<\/p><\/div>\n<p>Em virtude do edital de chamamento p\u00fablico para prestadores de servi\u00e7o de sa\u00fade do setor privado, a secretaria de Sa\u00fade da Prefeitura de Ilh\u00e9us promoveu nesta quarta-feira, dia 18, um curso de capacita\u00e7\u00e3o para servidores que v\u00e3o realizar a inspe\u00e7\u00e3o t\u00e9cnica nos estabelecimentos candidatos \u00e0 contrata\u00e7\u00e3o. Conforme o edital, a contrata\u00e7\u00e3o de servi\u00e7os de sa\u00fade complementar ambulatorial e hospitalar, de m\u00e9dia e alta complexidade, ter\u00e1 como base os pre\u00e7os fixados pela tabela do Sistema \u00danico de Sa\u00fade (SUS).<\/p>\n<p><!--more--><\/p>\n<p>Segundo informa\u00e7\u00f5es de Fernanda Ludgero, chefe do setor de M\u00e9dia e Alta Complexidade da Secretaria de Sa\u00fade, a abertura dos envelopes das empresas que atenderem ao chamamento p\u00fablico ser\u00e1 realizada no pr\u00f3ximo dia 24 de setembro, \u00e0s 9 horas, na sede da secretaria, localizada na Avenida Bahia, Bairro da Cidade Nova.<\/p>\n<p>Cerca de 14 servidores integram a comiss\u00e3o t\u00e9cnica de inspe\u00e7\u00e3o. Ap\u00f3s a habilita\u00e7\u00e3o jur\u00eddica e documental dos prestadores de servi\u00e7o de sa\u00fade, os t\u00e9cnicos far\u00e3o visitas nos locais de atendimento para verificar as informa\u00e7\u00f5es prestadas no processo de cadastramento. Conforme Fernanda Ludgero, a cada chamamento p\u00fablico deve ser efetuado o trabalho de inspe\u00e7\u00e3o t\u00e9cnica para garantir a qualidade do servi\u00e7o aos usu\u00e1rios da sa\u00fade p\u00fablica. <\/p>\n<p>Edital &#8211; Para efeito de contrata\u00e7\u00e3o, todos os prestadores de servi\u00e7os interessados dever\u00e3o estar inscritos no Sistema de Cadastro Nacional dos Estabelecimentos de Sa\u00fade (SCNES\/MS). Est\u00e3o nessa categoria os servi\u00e7os ambulatoriais, de laborat\u00f3rios e hospitalares, que devem entregar a documenta\u00e7\u00e3o exigida no Edital de Chamamento P\u00fablico 001\/2013, na sede da pr\u00f3pria Secretaria Municipal de Sa\u00fade (Sesau).<\/p>\n<p>Entre as certid\u00f5es exigidas constam a de regularidade fiscal com as fazendas p\u00fablicas municipal, estadual e federal, al\u00e9m do certificado de regularidade relativo \u00e0 Seguridade Social (INSS) e ao Fundo de Garantia por Tempo de Servi\u00e7o (FGTS).A \u00edntegra do Edital do Chamamento P\u00fablico 001\/2013 encontra-se a disposi\u00e7\u00e3o no Di\u00e1rio Oficial do Munic\u00edpio:<\/p>\n<p>http:\/\/www.ioe.org.br\/prefeitura\/ilheus\/listagem.cfm?frompage=1&#038;StartRow=41&#038;pagina=listagem_dop<\/p>\n<p>&#8212;<br \/>\nSecretaria de Comunica\u00e7\u00e3o Social (Secom)<br \/>\nIlh\u00e9us \u2013 18.09.2013<\/p>\n","protected":false},"excerpt":{"rendered":"<p>Os t\u00e9cnicos s\u00e3o capacitados para visitas de inspe\u00e7\u00e3o t\u00e9cnicas nas cl\u00ednicas, laborat\u00f3rios e hospitais que se habilitares a prestarem de servi\u00e7o de sa\u00fade complementar de alta e m\u00e9dia complexidade. Em virtude do edital de chamamento p\u00fablico para prestadores de servi\u00e7o de sa\u00fade do setor privado, a secretaria de Sa\u00fade da Prefeitura de Ilh\u00e9us promoveu nesta [&hellip;]<\/p>\n","protected":false},"author":2,"featured_media":0,"comment_status":"open","ping_status":"open","sticky":false,"template":"","format":"standard","meta":{"_links_to":"","_links_to_target":""},"categories":[23],"tags":[],"_links":{"self":[{"href":"https:\/\/www.r2cpress.com.br\/v1\/wp-json\/wp\/v2\/posts\/72157"}],"collection":[{"href":"https:\/\/www.r2cpress.com.br\/v1\/wp-json\/wp\/v2\/posts"}],"about":[{"href":"https:\/\/www.r2cpress.com.br\/v1\/wp-json\/wp\/v2\/types\/post"}],"author":[{"embeddable":true,"href":"https:\/\/www.r2cpress.com.br\/v1\/wp-json\/wp\/v2\/users\/2"}],"replies":[{"embeddable":true,"href":"https:\/\/www.r2cpress.com.br\/v1\/wp-json\/wp\/v2\/comments?post=72157"}],"version-history":[{"count":2,"href":"https:\/\/www.r2cpress.com.br\/v1\/wp-json\/wp\/v2\/posts\/72157\/revisions"}],"predecessor-version":[{"id":72160,"href":"https:\/\/www.r2cpress.com.br\/v1\/wp-json\/wp\/v2\/posts\/72157\/revisions\/72160"}],"wp:attachment":[{"href":"https:\/\/www.r2cpress.com.br\/v1\/wp-json\/wp\/v2\/media?parent=72157"}],"wp:term":[{"taxonomy":"category","embeddable":true,"href":"https:\/\/www.r2cpress.com.br\/v1\/wp-json\/wp\/v2\/categories?post=72157"},{"taxonomy":"post_tag","embeddable":true,"href":"https:\/\/www.r2cpress.com.br\/v1\/wp-json\/wp\/v2\/tags?post=72157"}],"curies":[{"name":"wp","href":"https:\/\/api.w.org\/{rel}","templated":true}]}}