{"id":72169,"date":"2013-09-18T21:33:19","date_gmt":"2013-09-19T00:33:19","guid":{"rendered":"http:\/\/www.r2cpress.com.br\/v1\/?p=72169"},"modified":"2013-09-18T21:33:19","modified_gmt":"2013-09-19T00:33:19","slug":"alfredo-amorim-da-silveira-em-10taques-91","status":"publish","type":"post","link":"https:\/\/www.r2cpress.com.br\/v1\/2013\/09\/18\/alfredo-amorim-da-silveira-em-10taques-91\/","title":{"rendered":"Alfredo Amorim da Silveira em \u201c10TAQUES\u201d"},"content":{"rendered":"<div id=\"attachment_72170\" style=\"width: 510px\" class=\"wp-caption aligncenter\"><a href=\"http:\/\/www.r2cpress.com.br\/v1\/wp-content\/uploads\/leo-03.jpg\"><img aria-describedby=\"caption-attachment-72170\" loading=\"lazy\" class=\"size-full wp-image-72170\" alt=\"Le\u00f4nidas Diniz de Menezes (Let\u00edcia - L\u00e9u)\" src=\"http:\/\/www.r2cpress.com.br\/v1\/wp-content\/uploads\/leo-03.jpg\" width=\"500\" height=\"335\" srcset=\"https:\/\/www.r2cpress.com.br\/v1\/wp-content\/uploads\/leo-03.jpg 500w, https:\/\/www.r2cpress.com.br\/v1\/wp-content\/uploads\/leo-03-300x201.jpg 300w\" sizes=\"(max-width: 500px) 100vw, 500px\" \/><\/a><p id=\"caption-attachment-72170\" class=\"wp-caption-text\"><strong>Le\u00f4nidas Diniz de Menezes<\/strong><br \/><strong>(Let\u00edcia &#8211; L\u00e9u)<\/strong><\/p><\/div>\n<p><img loading=\"lazy\" class=\"alignleft\" alt=\"\" src=\"http:\/\/www.r2cpress.com.br\/v1\/wp-content\/uploads\/alfredo-amorim-nova.jpg\" width=\"300\" height=\"105\" \/>Veio para Ilh\u00e9us em 1967, do Rio de Janeiro, onde nasceu em 9 de fevereiro de 1940, filho de Waldemar Diniz de Menezes e Idalina Rodriguez de Menezes, era o segundo dos tr\u00eas irm\u00e3os, L\u00edgia e S\u00edlvio. Nasceu entre o Maracan\u00e3 e a Mangueira, entre o futebol e o samba.<\/p>\n<p>Estudou at\u00e9 o 3\u00ba ano ginasial. Seu primeiro emprego foi de office boy na empresa GLOBEX, aos 16 anos de idade.<\/p>\n<p>Sua prima Nanci, dona do sal\u00e3o de beleza \u201cSem\u00edrames\u201d, no bairro da Tijuca, o convidou para trabalhar, come\u00e7ou como ajudante em 1961, se tornou profissional em 1963, seu primeiro dia como profissional foi no dia da morte do Presidente dos Estados Unidos John Fitzgerald \u00a0Kennedy.<\/p>\n<p>Tamb\u00e9m trabalhou na Companhia de Teatro de Revista da vedete Virg\u00ednia Lane durante seis meses.<\/p>\n<p>Veio para Ilh\u00e9us a convite de D. Candoca (Maria C\u00e2ndida) sua cliente no Rio de Janeiro, que tinha um sal\u00e3o de beleza aqui em Ilh\u00e9us. Candoca era esposa de Arthur Nuno de Barros \u00a0Pereira (Sr. Nuno), m\u00e3e de S\u00f4nia esposa de Omar S\u00e1 (Mazinho) e Vera esposa de Miguel Rabat.<\/p>\n<p>Durante dois anos trabalhou no sal\u00e3o de Candoca, sua primeira cliente foi D. Marianinha, esposa de \u00c1lvaro Siqueira, m\u00e3e de Simone Alvin; depois foi para o sal\u00e3o de Zez\u00e9 (Josecy Amorim Vasconcelos), onde trabalhou de 1969 at\u00e9 1980 quando foi trabalhar com Carminha e Chic\u00e3o no sal\u00e3o Maison Chic at\u00e9 1982 quando montou o seu pr\u00f3prio sal\u00e3o na Rua dos Port\u00f5es (Rua General C\u00e2mara), depois mudando para a Rua da Linha (Rua Bento Berilo), onde ficou por 20 anos, de 1987 at\u00e9 2007, hoje voltou a trabalhar no sal\u00e3o de Zez\u00e9 na Rua dos Port\u00f5es.<\/p>\n<p>Quando chegou a Ilh\u00e9us se entrosou com a turma dos agulhas, onde fez amizade com Raymundo Campos (Mundinho), que o convidou para fazer parte da \u201cEscola de Samba Unidos de S\u00e3o Sebasti\u00e3o\u201d mais conhecida como \u201cEscola de Samba do Outeiro\u201d, era o destaque da escola, conhecido como \u201cLet\u00edcia\u201d.<\/p>\n<p>Recebeu o t\u00edtulo de cidad\u00e3o ilheense em 2001 quando era prefeito Jabes Ribeiro, projeto do vereador Carlos Alberto Fran\u00e7a de Oliveira (Cac\u00e1 Gago), aposentou-se em 2007.<\/p>\n<p><b>\u00a0<\/b>Hoje aos 73 anos de idade continua trabalhando com o mesmo prazer, o mesmo amor.<\/p>\n","protected":false},"excerpt":{"rendered":"<p>Veio para Ilh\u00e9us em 1967, do Rio de Janeiro, onde nasceu em 9 de fevereiro de 1940, filho de Waldemar Diniz de Menezes e Idalina Rodriguez de Menezes, era o segundo dos tr\u00eas irm\u00e3os, L\u00edgia e S\u00edlvio. Nasceu entre o Maracan\u00e3 e a Mangueira, entre o futebol e o samba. Estudou at\u00e9 o 3\u00ba ano [&hellip;]<\/p>\n","protected":false},"author":2,"featured_media":0,"comment_status":"open","ping_status":"open","sticky":false,"template":"","format":"standard","meta":{"_links_to":"","_links_to_target":""},"categories":[10],"tags":[],"_links":{"self":[{"href":"https:\/\/www.r2cpress.com.br\/v1\/wp-json\/wp\/v2\/posts\/72169"}],"collection":[{"href":"https:\/\/www.r2cpress.com.br\/v1\/wp-json\/wp\/v2\/posts"}],"about":[{"href":"https:\/\/www.r2cpress.com.br\/v1\/wp-json\/wp\/v2\/types\/post"}],"author":[{"embeddable":true,"href":"https:\/\/www.r2cpress.com.br\/v1\/wp-json\/wp\/v2\/users\/2"}],"replies":[{"embeddable":true,"href":"https:\/\/www.r2cpress.com.br\/v1\/wp-json\/wp\/v2\/comments?post=72169"}],"version-history":[{"count":4,"href":"https:\/\/www.r2cpress.com.br\/v1\/wp-json\/wp\/v2\/posts\/72169\/revisions"}],"predecessor-version":[{"id":72174,"href":"https:\/\/www.r2cpress.com.br\/v1\/wp-json\/wp\/v2\/posts\/72169\/revisions\/72174"}],"wp:attachment":[{"href":"https:\/\/www.r2cpress.com.br\/v1\/wp-json\/wp\/v2\/media?parent=72169"}],"wp:term":[{"taxonomy":"category","embeddable":true,"href":"https:\/\/www.r2cpress.com.br\/v1\/wp-json\/wp\/v2\/categories?post=72169"},{"taxonomy":"post_tag","embeddable":true,"href":"https:\/\/www.r2cpress.com.br\/v1\/wp-json\/wp\/v2\/tags?post=72169"}],"curies":[{"name":"wp","href":"https:\/\/api.w.org\/{rel}","templated":true}]}}