{"id":72184,"date":"2013-09-19T09:31:33","date_gmt":"2013-09-19T12:31:33","guid":{"rendered":"http:\/\/www.r2cpress.com.br\/v1\/?p=72184"},"modified":"2013-09-19T09:31:33","modified_gmt":"2013-09-19T12:31:33","slug":"estabelecimento-de-parcerias-infaz-ilheus-e-sudic","status":"publish","type":"post","link":"https:\/\/www.r2cpress.com.br\/v1\/2013\/09\/19\/estabelecimento-de-parcerias-infaz-ilheus-e-sudic\/","title":{"rendered":"ESTABELECIMENTO DE PARCERIAS INFAZ ILH\u00c9US E SUDIC"},"content":{"rendered":"<p>Em obedi\u00eancia ao programa GESPUBLICA da Secretaria de Planejamento da Presid\u00eancia da Rep\u00fablica,( que prev\u00ea a transversalidade entre os \u00f3rg\u00e3os da administra\u00e7\u00e3o p\u00fablica),do qual a Inspetoria Fazend\u00e1ria em Ilh\u00e9us \u00e9 a pioneira na implanta\u00e7\u00e3o em todo o estado da Bahia, o Auditor Fiscal Jos\u00e9 Antonio Sousa esteve visitando a ger\u00eancia do SUDIC em Ilh\u00e9us sendo recebido pelos srs.Jo\u00e3o Fortunato e Eduardo Sobral. Na ocasi\u00e3o ficou estabelecida, em data a ser confirmada, a realiza\u00e7\u00e3o de uma reuni\u00e3o entre prepostos fazend\u00e1rios e empres\u00e1rios do distrito industrial-polo inform\u00e1tico e polo moageiro para uma palestra de esclarecimento sobre o REFIS ICMS 2013. Na parceria foi acordado tamb\u00e9m uma maior intera\u00e7\u00e3o entre os \u00f3rg\u00e3os a respeito do tratamento conjunto nos atos referentes \u00e0 instala\u00e7\u00e3o de novas empresas em Ilh\u00e9us o que resultar\u00e1 em maior celeridade nas licen\u00e7as de instala\u00e7\u00e3o, libera\u00e7\u00e3o da inscri\u00e7\u00e3o estadual, certificados de diferimento etc.<\/p>\n<p>&#8212;<br \/>\nJose Henrique Santos Abobreira <\/p>\n","protected":false},"excerpt":{"rendered":"<p>Em obedi\u00eancia ao programa GESPUBLICA da Secretaria de Planejamento da Presid\u00eancia da Rep\u00fablica,( que prev\u00ea a transversalidade entre os \u00f3rg\u00e3os da administra\u00e7\u00e3o p\u00fablica),do qual a Inspetoria Fazend\u00e1ria em Ilh\u00e9us \u00e9 a pioneira na implanta\u00e7\u00e3o em todo o estado da Bahia, o Auditor Fiscal Jos\u00e9 Antonio Sousa esteve visitando a ger\u00eancia do SUDIC em Ilh\u00e9us sendo [&hellip;]<\/p>\n","protected":false},"author":2,"featured_media":0,"comment_status":"open","ping_status":"open","sticky":false,"template":"","format":"standard","meta":{"_links_to":"","_links_to_target":""},"categories":[10],"tags":[],"_links":{"self":[{"href":"https:\/\/www.r2cpress.com.br\/v1\/wp-json\/wp\/v2\/posts\/72184"}],"collection":[{"href":"https:\/\/www.r2cpress.com.br\/v1\/wp-json\/wp\/v2\/posts"}],"about":[{"href":"https:\/\/www.r2cpress.com.br\/v1\/wp-json\/wp\/v2\/types\/post"}],"author":[{"embeddable":true,"href":"https:\/\/www.r2cpress.com.br\/v1\/wp-json\/wp\/v2\/users\/2"}],"replies":[{"embeddable":true,"href":"https:\/\/www.r2cpress.com.br\/v1\/wp-json\/wp\/v2\/comments?post=72184"}],"version-history":[{"count":2,"href":"https:\/\/www.r2cpress.com.br\/v1\/wp-json\/wp\/v2\/posts\/72184\/revisions"}],"predecessor-version":[{"id":72186,"href":"https:\/\/www.r2cpress.com.br\/v1\/wp-json\/wp\/v2\/posts\/72184\/revisions\/72186"}],"wp:attachment":[{"href":"https:\/\/www.r2cpress.com.br\/v1\/wp-json\/wp\/v2\/media?parent=72184"}],"wp:term":[{"taxonomy":"category","embeddable":true,"href":"https:\/\/www.r2cpress.com.br\/v1\/wp-json\/wp\/v2\/categories?post=72184"},{"taxonomy":"post_tag","embeddable":true,"href":"https:\/\/www.r2cpress.com.br\/v1\/wp-json\/wp\/v2\/tags?post=72184"}],"curies":[{"name":"wp","href":"https:\/\/api.w.org\/{rel}","templated":true}]}}