{"id":72187,"date":"2013-09-19T09:34:57","date_gmt":"2013-09-19T12:34:57","guid":{"rendered":"http:\/\/www.r2cpress.com.br\/v1\/?p=72187"},"modified":"2013-09-19T09:34:57","modified_gmt":"2013-09-19T12:34:57","slug":"supercomputadores-tornarao-a-bahia-principal-polo-de-alto-desempenho-no-pais","status":"publish","type":"post","link":"https:\/\/www.r2cpress.com.br\/v1\/2013\/09\/19\/supercomputadores-tornarao-a-bahia-principal-polo-de-alto-desempenho-no-pais\/","title":{"rendered":"Supercomputadores tornar\u00e3o a Bahia principal polo de alto desempenho no pa\u00eds"},"content":{"rendered":"<p>A Bahia ter\u00e1, a partir desta sexta-feira (20), um centro de supercomputa\u00e7\u00e3o para inova\u00e7\u00e3o que posicionar\u00e1 o estado como principal polo de computa\u00e7\u00e3o de alto desempenho no Brasil. O lan\u00e7amento do centro ser\u00e1 no Senai\/Cimatec do bairro de Piat\u00e3 (Avenida Orlando Gomes), em Salvador, \u00e0s 9h30, com a presen\u00e7a do governador Jaques Wagner e do ministro da Ci\u00eancia, Tecnologia e Inova\u00e7\u00e3o, Marco Antonio Raupp.<\/p>\n<p>S\u00e3o dois supercomputadores para atender demandas da ind\u00fastria de petr\u00f3leo e g\u00e1s. O primeiro equipamento \u00e9 o maior computador da Am\u00e9rica Latina, de alto desempenho para o setor; o segundo, de menor porte, ficar\u00e1 aberto \u00e0s pesquisas em todas as \u00e1reas do conhecimento e far\u00e1 parte do Sistema Nacional de Processamento de Alto Desempenho. As m\u00e1quinas ser\u00e3o compartilhadas para utiliza\u00e7\u00e3o por outros centros de pesquisas no pa\u00eds.<\/p>\n<p>Pesquisadores baianos sobre o tema das universidades estaduais (Uneb, Uesc e Uefs), IFBA, UFBA e Senai\/Cimatec ter\u00e3o acesso ao centro tamb\u00e9m para capacita\u00e7\u00e3o. Nos pr\u00f3ximos tr\u00eas anos ser\u00e3o investidos mais de R$ 42 milh\u00f5es no centro.<\/p>\n<p>O projeto al\u00e9m de posicionar a Bahia em uma \u00e1rea de vanguarda da tecnologia petrol\u00edfera mundial, permitir\u00e1 atrair outros centros de pesquisa e desenvolvimento interessados nesta infraestrutura. A Intel j\u00e1 sinalizou interesse em ampliar seus projetos no estado, motivada pelo projeto.<\/p>\n<p>&#8230;<br \/>\nSecom  &#8211; Secretaria de Comunica\u00e7\u00e3o Social &#8211; Governo da Bahia<\/p>\n","protected":false},"excerpt":{"rendered":"<p>A Bahia ter\u00e1, a partir desta sexta-feira (20), um centro de supercomputa\u00e7\u00e3o para inova\u00e7\u00e3o que posicionar\u00e1 o estado como principal polo de computa\u00e7\u00e3o de alto desempenho no Brasil. O lan\u00e7amento do centro ser\u00e1 no Senai\/Cimatec do bairro de Piat\u00e3 (Avenida Orlando Gomes), em Salvador, \u00e0s 9h30, com a presen\u00e7a do governador Jaques Wagner e do [&hellip;]<\/p>\n","protected":false},"author":2,"featured_media":0,"comment_status":"open","ping_status":"open","sticky":false,"template":"","format":"standard","meta":{"_links_to":"","_links_to_target":""},"categories":[29],"tags":[],"_links":{"self":[{"href":"https:\/\/www.r2cpress.com.br\/v1\/wp-json\/wp\/v2\/posts\/72187"}],"collection":[{"href":"https:\/\/www.r2cpress.com.br\/v1\/wp-json\/wp\/v2\/posts"}],"about":[{"href":"https:\/\/www.r2cpress.com.br\/v1\/wp-json\/wp\/v2\/types\/post"}],"author":[{"embeddable":true,"href":"https:\/\/www.r2cpress.com.br\/v1\/wp-json\/wp\/v2\/users\/2"}],"replies":[{"embeddable":true,"href":"https:\/\/www.r2cpress.com.br\/v1\/wp-json\/wp\/v2\/comments?post=72187"}],"version-history":[{"count":2,"href":"https:\/\/www.r2cpress.com.br\/v1\/wp-json\/wp\/v2\/posts\/72187\/revisions"}],"predecessor-version":[{"id":72189,"href":"https:\/\/www.r2cpress.com.br\/v1\/wp-json\/wp\/v2\/posts\/72187\/revisions\/72189"}],"wp:attachment":[{"href":"https:\/\/www.r2cpress.com.br\/v1\/wp-json\/wp\/v2\/media?parent=72187"}],"wp:term":[{"taxonomy":"category","embeddable":true,"href":"https:\/\/www.r2cpress.com.br\/v1\/wp-json\/wp\/v2\/categories?post=72187"},{"taxonomy":"post_tag","embeddable":true,"href":"https:\/\/www.r2cpress.com.br\/v1\/wp-json\/wp\/v2\/tags?post=72187"}],"curies":[{"name":"wp","href":"https:\/\/api.w.org\/{rel}","templated":true}]}}