{"id":72193,"date":"2013-09-19T09:57:11","date_gmt":"2013-09-19T12:57:11","guid":{"rendered":"http:\/\/www.r2cpress.com.br\/v1\/?p=72193"},"modified":"2013-09-19T09:57:11","modified_gmt":"2013-09-19T12:57:11","slug":"trofeus-de-59-e-88-do-bahia-sao-achados-em-sacos-de-lixo-largados-em-sala","status":"publish","type":"post","link":"https:\/\/www.r2cpress.com.br\/v1\/2013\/09\/19\/trofeus-de-59-e-88-do-bahia-sao-achados-em-sacos-de-lixo-largados-em-sala\/","title":{"rendered":"Trof\u00e9us de 59 e 88 do Bahia s\u00e3o achados em sacos de lixo, largados em sala"},"content":{"rendered":"<div id=\"detalhamento\">\n<h2>Dois t\u00edtulos nacionais, estrelas no peito, orgulho tricolor. Tudo jogado no lixo! Ta\u00e7as dos t\u00edtulos de 1959 e 1988 foram encontradas pelo CORREIO num saco preto, empoeiradas e com sinais de ferrugem em sala sem uso do edif\u00edcio Mundo Plaza<\/h2>\n<div id=\"ferramentas_2\">\n<div>\n<div>\n<div id=\"tx-ratings-tt_news_204955\">\n<div>\n<div id=\"tx-ratings-wait-tt_news_204955\"><\/div>\n<div id=\"tx-ratings-display-tt_news_204955\" style=\"text-align: right;\">\u00a0Foto: Evandro Veiga<\/div>\n<\/div>\n<\/div>\n<\/div>\n<\/div>\n<\/div>\n<p><strong><\/strong><\/p>\n<div><img loading=\"lazy\" class=\"alignright\" id=\"fotoGrande\" title=\"Trof\u00e9us de 59 e 88 do Bahia s\u00e3o achados em saco \/ Foto: Evandro Veiga\" alt=\"\" src=\"http:\/\/www.correio24horas.com.br\/fileadmin\/user_upload\/tt_news\/pics\/taca.jpg\" width=\"200\" height=\"255\" \/><\/p>\n<p style=\"text-align: right;\"><em><strong>Trof\u00e9us de 59 e 88 do Bahia s\u00e3o achados em saco<\/strong><\/em><\/p>\n<\/div>\n<p><b>Miro Palma<\/b><\/p>\n<div>\n<p><a href=\"mailto:miro.palma@redebahia.com.br\">miro.palma@redebahia.com.br<\/a><\/p>\n<p>A torcida prepara a voz: \u201859 \u00e9 nosso, 88 tamb\u00e9m&#8230;\u2019. O canto, uma refer\u00eancia \u00e0s duas maiores conquistas do clube, certamente ser\u00e1 ecoado no confronto de hoje entre Bahia e Internacional, \u00e0s 21h, na Fonte Nova. As duas estrelas no peito sempre foram sin\u00f4nimo de orgulho para os tricolores, mas atualmente se encontram abandonadas num saco de lixo.<\/p>\n<p>Depois de 25 anos da segunda conquista nacional, justamente diante do Internacional, o trof\u00e9u levantado em pleno est\u00e1dio Beira-Rio por Bob\u00f4, Charles, Z\u00e9 Carlos e companhia foi encontrado pelo CORREIO em destino bem menos glorioso. N\u00e3o est\u00e1 no Fazend\u00e3o, numa pomposa sala de trof\u00e9us, exibido com orgulho. Foi parar no ch\u00e3o, dentro de um saco de lixo preto, juntamente com a ta\u00e7a de 1959, em uma sala inativa do escrit\u00f3rio do clube, localizado no Edif\u00edcio Mundo Plaza, no Caminho das \u00c1rvores.<\/p>\n<p>O motivo de tamanho descaso? Os trof\u00e9us deixaram o centro de treinamentos do clube por conta de uma a\u00e7\u00e3o que seria promovida pelo departamento de marketing da gest\u00e3o Marcelo Guimar\u00e3es Filho, programada para o jogo contra o Corinthians, dia 7 de julho. Mas o evento n\u00e3o aconteceu e as ta\u00e7as n\u00e3o voltaram para o seu devido lugar.<\/p>\n<p>Sacha Mamede &#8211; que segue como diretor de marketing, mas segundo fontes da nova diretoria ser\u00e1 demitido &#8211; afirma n\u00e3o saber da transfer\u00eancia. \u201cEstou sabendo por voc\u00ea. Realmente \u00edamos fazer uma exposi\u00e7\u00e3o com o objetivo de aproximar mais o torcedor da Fonte Nova. N\u00e3o estou sabendo das ta\u00e7as. Voc\u00ea precisa perguntar a outra pessoa\u201d,<\/p>\n<p>Procurado pela reportagem, o ex-presidente Marcelo Filho disse n\u00e3o lembrar o motivo da mudan\u00e7a. \u201cMas est\u00e1 na sala do clube, que \u00e9 o mais importante\u201d. Al\u00e9m das duas maiores gl\u00f3rias do Esquadr\u00e3o, cobertas de poeira e ferrugem, outros trof\u00e9us do futebol e esportes amadores est\u00e3o em estado de corros\u00e3o.<\/p>\n<p>Eleito no dia 7, o presidente Fernando Schmidt informou que o acervo ir\u00e1 para um memorial que ser\u00e1 criado na Arena Fonte Nova, com possibilidade de visita\u00e7\u00e3o para o torcedor. \u201cIsso j\u00e1 est\u00e1 fechado\u201d, assegura Schmidt.<br \/>\n<img loading=\"lazy\" alt=\"\" src=\"http:\/\/www.correio24horas.com.br\/fileadmin\/user_upload\/tt_news\/AFotos1\/taca_ba.jpg\" width=\"514\" height=\"343\" \/><br \/>\n<b>Trof\u00e9us de 59 e 88 do Bahia s\u00e3o achados em sacos de lixo, largados em sala (Foto: Evandro Veiga)<\/b><\/p>\n<p><strong>CORREIO DA BAHIA<\/strong><\/p>\n<p>http:\/\/www.correio24horas.com.br\/esportes\/detalhes\/detalhes-1\/artigo\/trofeus-de-59-e-88-do-bahia-sao-achados-em-saco-largados-em-uma-sala-sem-uso\/<\/p>\n<\/div>\n<\/div>\n","protected":false},"excerpt":{"rendered":"<p>Dois t\u00edtulos nacionais, estrelas no peito, orgulho tricolor. Tudo jogado no lixo! Ta\u00e7as dos t\u00edtulos de 1959 e 1988 foram encontradas pelo CORREIO num saco preto, empoeiradas e com sinais de ferrugem em sala sem uso do edif\u00edcio Mundo Plaza \u00a0Foto: Evandro Veiga Trof\u00e9us de 59 e 88 do Bahia s\u00e3o achados em saco Miro [&hellip;]<\/p>\n","protected":false},"author":2,"featured_media":0,"comment_status":"open","ping_status":"open","sticky":false,"template":"","format":"standard","meta":{"_links_to":"","_links_to_target":""},"categories":[13],"tags":[],"_links":{"self":[{"href":"https:\/\/www.r2cpress.com.br\/v1\/wp-json\/wp\/v2\/posts\/72193"}],"collection":[{"href":"https:\/\/www.r2cpress.com.br\/v1\/wp-json\/wp\/v2\/posts"}],"about":[{"href":"https:\/\/www.r2cpress.com.br\/v1\/wp-json\/wp\/v2\/types\/post"}],"author":[{"embeddable":true,"href":"https:\/\/www.r2cpress.com.br\/v1\/wp-json\/wp\/v2\/users\/2"}],"replies":[{"embeddable":true,"href":"https:\/\/www.r2cpress.com.br\/v1\/wp-json\/wp\/v2\/comments?post=72193"}],"version-history":[{"count":3,"href":"https:\/\/www.r2cpress.com.br\/v1\/wp-json\/wp\/v2\/posts\/72193\/revisions"}],"predecessor-version":[{"id":72196,"href":"https:\/\/www.r2cpress.com.br\/v1\/wp-json\/wp\/v2\/posts\/72193\/revisions\/72196"}],"wp:attachment":[{"href":"https:\/\/www.r2cpress.com.br\/v1\/wp-json\/wp\/v2\/media?parent=72193"}],"wp:term":[{"taxonomy":"category","embeddable":true,"href":"https:\/\/www.r2cpress.com.br\/v1\/wp-json\/wp\/v2\/categories?post=72193"},{"taxonomy":"post_tag","embeddable":true,"href":"https:\/\/www.r2cpress.com.br\/v1\/wp-json\/wp\/v2\/tags?post=72193"}],"curies":[{"name":"wp","href":"https:\/\/api.w.org\/{rel}","templated":true}]}}