{"id":72200,"date":"2013-09-19T10:13:56","date_gmt":"2013-09-19T13:13:56","guid":{"rendered":"http:\/\/www.r2cpress.com.br\/v1\/?p=72200"},"modified":"2013-09-19T10:13:56","modified_gmt":"2013-09-19T13:13:56","slug":"ceplac-comemora-o-dia-da-arvore","status":"publish","type":"post","link":"https:\/\/www.r2cpress.com.br\/v1\/2013\/09\/19\/ceplac-comemora-o-dia-da-arvore\/","title":{"rendered":"Ceplac comemora o Dia da \u00c1rvore"},"content":{"rendered":"<div><center><em>A Ceplac realiza, na sexta-feira (20), uma programa\u00e7\u00e3o especial em homenagem ao Dia da \u00c1rvore, com atividades culturais, palestras e plantio solene de ess\u00eancias florestais da mata atl\u00e2ntica.\u00a0 O evento ocorrer\u00e1 no audit\u00f3rio H\u00e9lio Reis (Cepec), sob coordena\u00e7\u00e3o do Setor de Recursos Ambientais (Seram\/Cepec), com participa\u00e7\u00e3o de autoridades, ambientalistas e artistas da regi\u00e3o.<\/em><\/center><\/div>\n<p>&nbsp;<\/p>\n<div style=\"width: 460px\" class=\"wp-caption aligncenter\"><img loading=\"lazy\" title=\".\" alt=\".\" src=\"http:\/\/mail.google.com\/a\/globo.com\/?ui=2&amp;ik=4b218c2d2f&amp;view=att&amp;th=14136517d86b9b04&amp;attid=0.1&amp;disp=emb&amp;zw&amp;atsh=1\" width=\"450\" height=\"338\" \/><p class=\"wp-caption-text\">.<\/p><\/div>\n<p>O Dia da \u00c1rvore na Ceplac contar\u00e1 com a participa\u00e7\u00e3o da Orquestra Sinf\u00f4nica de Itabuna e Ibirapitanga e com representa\u00e7\u00e3o dos N\u00facleos Estaduais de Orquestras Juvenis e Infantis da Bahia. Tamb\u00e9m haver\u00e1 apresenta\u00e7\u00e3o de roda de capoeira e de artistas locais, como Fernando Caldas (m\u00fasico e compositor), Larissa Profeta (atriz) e Rob\u00e9rio Pacheco (m\u00fasico e compositor).<\/p>\n<p>&nbsp;<\/p>\n<div style=\"width: 310px\" class=\"wp-caption aligncenter\"><img loading=\"lazy\" title=\".\" alt=\".\" src=\"http:\/\/mail.google.com\/a\/globo.com\/?ui=2&amp;ik=4b218c2d2f&amp;view=att&amp;th=14136517d86b9b04&amp;attid=0.2&amp;disp=emb&amp;zw&amp;atsh=1\" width=\"300\" height=\"225\" \/><p class=\"wp-caption-text\">.<\/p><\/div>\n<p>Est\u00e3o previstas ainda as presen\u00e7as de autoridades pol\u00edticas como Dinalva Melo, (secret\u00e1ria da Educa\u00e7\u00e3o de Itabuna), Lanns Almeida (secret\u00e1rio de Agricultura e Meio Ambiente de Itabuna) e Roberto Jos\u00e9 (presidente da FICC).<\/p>\n<p>O engenheiro florestal Dan Erico Petit Lob\u00e3o proferir\u00e1 palestra sobre Conserva\u00e7\u00e3o Produtiva com enfoque no sistema agrossilvicultural caca-cabruca. Ser\u00e1 exibido tamb\u00e9m um document\u00e1rio sobre a conserva\u00e7\u00e3o produtiva, produzido por Raquel Rocha. Ao final da programa\u00e7\u00e3o, ser\u00e1 realizado um plantio solene de \u00e1rvores representativas da mata atl\u00e2ntica.<\/p>\n<div><\/div>\n<div><b>Assessoria de Comunica\u00e7\u00e3o da Ceplac<\/b><\/div>\n","protected":false},"excerpt":{"rendered":"<p>A Ceplac realiza, na sexta-feira (20), uma programa\u00e7\u00e3o especial em homenagem ao Dia da \u00c1rvore, com atividades culturais, palestras e plantio solene de ess\u00eancias florestais da mata atl\u00e2ntica.\u00a0 O evento ocorrer\u00e1 no audit\u00f3rio H\u00e9lio Reis (Cepec), sob coordena\u00e7\u00e3o do Setor de Recursos Ambientais (Seram\/Cepec), com participa\u00e7\u00e3o de autoridades, ambientalistas e artistas da regi\u00e3o. &nbsp; O [&hellip;]<\/p>\n","protected":false},"author":2,"featured_media":0,"comment_status":"open","ping_status":"open","sticky":false,"template":"","format":"standard","meta":{"_links_to":"","_links_to_target":""},"categories":[3],"tags":[],"_links":{"self":[{"href":"https:\/\/www.r2cpress.com.br\/v1\/wp-json\/wp\/v2\/posts\/72200"}],"collection":[{"href":"https:\/\/www.r2cpress.com.br\/v1\/wp-json\/wp\/v2\/posts"}],"about":[{"href":"https:\/\/www.r2cpress.com.br\/v1\/wp-json\/wp\/v2\/types\/post"}],"author":[{"embeddable":true,"href":"https:\/\/www.r2cpress.com.br\/v1\/wp-json\/wp\/v2\/users\/2"}],"replies":[{"embeddable":true,"href":"https:\/\/www.r2cpress.com.br\/v1\/wp-json\/wp\/v2\/comments?post=72200"}],"version-history":[{"count":3,"href":"https:\/\/www.r2cpress.com.br\/v1\/wp-json\/wp\/v2\/posts\/72200\/revisions"}],"predecessor-version":[{"id":72203,"href":"https:\/\/www.r2cpress.com.br\/v1\/wp-json\/wp\/v2\/posts\/72200\/revisions\/72203"}],"wp:attachment":[{"href":"https:\/\/www.r2cpress.com.br\/v1\/wp-json\/wp\/v2\/media?parent=72200"}],"wp:term":[{"taxonomy":"category","embeddable":true,"href":"https:\/\/www.r2cpress.com.br\/v1\/wp-json\/wp\/v2\/categories?post=72200"},{"taxonomy":"post_tag","embeddable":true,"href":"https:\/\/www.r2cpress.com.br\/v1\/wp-json\/wp\/v2\/tags?post=72200"}],"curies":[{"name":"wp","href":"https:\/\/api.w.org\/{rel}","templated":true}]}}