{"id":72208,"date":"2013-09-19T10:43:03","date_gmt":"2013-09-19T13:43:03","guid":{"rendered":"http:\/\/www.r2cpress.com.br\/v1\/?p=72208"},"modified":"2013-09-19T10:43:03","modified_gmt":"2013-09-19T13:43:03","slug":"ambev-doa-dois-mil-bafometros-ao-governo-da-bahia-durante-dia-de-responsa","status":"publish","type":"post","link":"https:\/\/www.r2cpress.com.br\/v1\/2013\/09\/19\/ambev-doa-dois-mil-bafometros-ao-governo-da-bahia-durante-dia-de-responsa\/","title":{"rendered":"Ambev doa dois mil baf\u00f4metros ao governo da Bahia durante Dia de Responsa"},"content":{"rendered":"<p>A Ambev doar\u00e1 dois mil baf\u00f4metros ao Governo da Bahia, por meio do DETRAN, na pr\u00f3xima sexta-feira, dia 20 de setembro, \u00e0s 10h, na sede da Cip\u00f3 (Rio Vermelho),ONG parceira da companhia no Programa Jovens de Responsa. Com o objetivo de evitar a associa\u00e7\u00e3o de \u00e1lcool e dire\u00e7\u00e3o, a iniciativa faz parte das a\u00e7\u00f5es da Ambev para o Dia de Responsa, data dedicada a celebrar o compromisso da companhia com o consumo respons\u00e1vel de bebidas alco\u00f3licas.<\/p>\n<p>Estar\u00e3o presentes na ocasi\u00e3o, o vice-presidente de Rela\u00e7\u00f5es Corporativas da Ambev, Milton Seligman, o diretor de Rela\u00e7\u00f5es Socioambientais da Ambev, Ricardo Rolim e o diretor regional Nordeste, Cassiano De Stefano. O secret\u00e1rio de Administra\u00e7\u00e3o do Estado, Edelvino G\u00f3es, o vice-diretor geral do DETRAN-BA, M\u00e1rcio Lu\u00eds Blanco e o diretor de patrim\u00f4nio do \u00f3rg\u00e3o, Reginaldo Batista Santos, participar\u00e3o do evento para doa\u00e7\u00e3o.<\/p>\n<p>Ap\u00f3s o momento na Cip\u00f3,  representantes da companhia e convidados realizar\u00e3o visitas a bares e restaurantes para conscientizar, ainda mais, os donos dos estabelecimentos e funcion\u00e1rios, sobre a n\u00e3o venda de bebidas alco\u00f3licas a menores de 18 anos.<\/p>\n<p>Na data, toda a diretoria e demais funcion\u00e1rios da companhia das cinco regi\u00f5es do pa\u00eds visitam pontos de venda e sensibilizam os estabelecimentos sobre a import\u00e2ncia do consumo respons\u00e1vel. A iniciativa tamb\u00e9m \u00e9 realizada pela Anheuser Busch InBev, grupo ao qual a Ambev faz parte, como nome de Be(er) Responsible Day \u2013 e envolve todos os 116 mil funcion\u00e1rios da cervejaria em 23 pa\u00edses, sendo 32 mil no Brasil.<\/p>\n<p>Neste ano, a Ambev comemora os 10 anos do Programa Ambev de Consumo Respons\u00e1vel, conjunto de a\u00e7\u00f5es norteadas pelas premissas de conscientizar a popula\u00e7\u00e3o sobre os riscos de beber e dirigir e estimular o cumprimento da lei que pro\u00edbe a venda de bebidas alco\u00f3licas a menores.<\/p>\n<p>Durante a d\u00e9cada, a companhia doou mais de 100 mil baf\u00f4metros \u00e0s autoridades brasileiras; estruturou programas de preven\u00e7\u00e3o em um amplo trabalho com ONGs, o Jovens de Responsa;  desenvolveu um curso pioneiro para a forma\u00e7\u00e3o de gar\u00e7ons  com as melhores pr\u00e1ticas de consumo respons\u00e1vel e treinou milhares de pessoas, implementou um sistema em diversas redes de supermercado do pa\u00eds para inibir que menores de idade tenham acesso a bebida alco\u00f3lica; realizou campanhas publicit\u00e1rias de conscientiza\u00e7\u00e3o com suas principais marcas; entre outras a\u00e7\u00f5es.<\/p>\n","protected":false},"excerpt":{"rendered":"<p>A Ambev doar\u00e1 dois mil baf\u00f4metros ao Governo da Bahia, por meio do DETRAN, na pr\u00f3xima sexta-feira, dia 20 de setembro, \u00e0s 10h, na sede da Cip\u00f3 (Rio Vermelho),ONG parceira da companhia no Programa Jovens de Responsa. Com o objetivo de evitar a associa\u00e7\u00e3o de \u00e1lcool e dire\u00e7\u00e3o, a iniciativa faz parte das a\u00e7\u00f5es da [&hellip;]<\/p>\n","protected":false},"author":2,"featured_media":0,"comment_status":"open","ping_status":"open","sticky":false,"template":"","format":"standard","meta":{"_links_to":"","_links_to_target":""},"categories":[13],"tags":[],"_links":{"self":[{"href":"https:\/\/www.r2cpress.com.br\/v1\/wp-json\/wp\/v2\/posts\/72208"}],"collection":[{"href":"https:\/\/www.r2cpress.com.br\/v1\/wp-json\/wp\/v2\/posts"}],"about":[{"href":"https:\/\/www.r2cpress.com.br\/v1\/wp-json\/wp\/v2\/types\/post"}],"author":[{"embeddable":true,"href":"https:\/\/www.r2cpress.com.br\/v1\/wp-json\/wp\/v2\/users\/2"}],"replies":[{"embeddable":true,"href":"https:\/\/www.r2cpress.com.br\/v1\/wp-json\/wp\/v2\/comments?post=72208"}],"version-history":[{"count":2,"href":"https:\/\/www.r2cpress.com.br\/v1\/wp-json\/wp\/v2\/posts\/72208\/revisions"}],"predecessor-version":[{"id":72210,"href":"https:\/\/www.r2cpress.com.br\/v1\/wp-json\/wp\/v2\/posts\/72208\/revisions\/72210"}],"wp:attachment":[{"href":"https:\/\/www.r2cpress.com.br\/v1\/wp-json\/wp\/v2\/media?parent=72208"}],"wp:term":[{"taxonomy":"category","embeddable":true,"href":"https:\/\/www.r2cpress.com.br\/v1\/wp-json\/wp\/v2\/categories?post=72208"},{"taxonomy":"post_tag","embeddable":true,"href":"https:\/\/www.r2cpress.com.br\/v1\/wp-json\/wp\/v2\/tags?post=72208"}],"curies":[{"name":"wp","href":"https:\/\/api.w.org\/{rel}","templated":true}]}}