{"id":72215,"date":"2013-09-19T12:35:32","date_gmt":"2013-09-19T15:35:32","guid":{"rendered":"http:\/\/www.r2cpress.com.br\/v1\/?p=72215"},"modified":"2013-09-19T12:35:32","modified_gmt":"2013-09-19T15:35:32","slug":"medicos-estrangeiros-comecam-a-atuar-na-bahia-na-segunda-feira","status":"publish","type":"post","link":"https:\/\/www.r2cpress.com.br\/v1\/2013\/09\/19\/medicos-estrangeiros-comecam-a-atuar-na-bahia-na-segunda-feira\/","title":{"rendered":"M\u00e9dicos estrangeiros come\u00e7am a atuar na Bahia na segunda-feira"},"content":{"rendered":"<p>Os profissionais que v\u00e3o atuar no programa \u2018Mais M\u00e9dicos\u2019, do governo federal, terminam o treinamento nesta sexta-feira (20). Eles foram acompanhados na manh\u00e3 desta quinta-feira (19) pelo secret\u00e1rio estadual da Sa\u00fade, Jorge Solla, durante aula realizada no Instituto An\u00edsio Teixeira (IAT), em Salvador.<\/p>\n<p>\u201cA partir da pr\u00f3xima segunda-feira eles ser\u00e3o encaminhados para seus locais de trabalho. No momento, 30 cidades da Bahia ser\u00e3o beneficiadas com a chegada desses profissionais, nesta primeira etapa. Muitos outros vir\u00e3o nas etapas seguintes\u201d, afirmou Solla.<\/p>\n<p>Os 67 profissionais que se graduaram no exterior passam por treinamento em Salvador desde o dia 26 de agosto, assistindo aulas sobre sa\u00fade p\u00fablica brasileira e l\u00edngua portuguesa. Desses, 59 est\u00e3o confirmados para atuar na Bahia.<\/p>\n<p>&#8230;<br \/>\nSecom  &#8211; Secretaria de Comunica\u00e7\u00e3o Social &#8211; Governo da Bahia<\/p>\n","protected":false},"excerpt":{"rendered":"<p>Os profissionais que v\u00e3o atuar no programa \u2018Mais M\u00e9dicos\u2019, do governo federal, terminam o treinamento nesta sexta-feira (20). Eles foram acompanhados na manh\u00e3 desta quinta-feira (19) pelo secret\u00e1rio estadual da Sa\u00fade, Jorge Solla, durante aula realizada no Instituto An\u00edsio Teixeira (IAT), em Salvador. \u201cA partir da pr\u00f3xima segunda-feira eles ser\u00e3o encaminhados para seus locais de [&hellip;]<\/p>\n","protected":false},"author":2,"featured_media":0,"comment_status":"open","ping_status":"open","sticky":false,"template":"","format":"standard","meta":{"_links_to":"","_links_to_target":""},"categories":[29],"tags":[],"_links":{"self":[{"href":"https:\/\/www.r2cpress.com.br\/v1\/wp-json\/wp\/v2\/posts\/72215"}],"collection":[{"href":"https:\/\/www.r2cpress.com.br\/v1\/wp-json\/wp\/v2\/posts"}],"about":[{"href":"https:\/\/www.r2cpress.com.br\/v1\/wp-json\/wp\/v2\/types\/post"}],"author":[{"embeddable":true,"href":"https:\/\/www.r2cpress.com.br\/v1\/wp-json\/wp\/v2\/users\/2"}],"replies":[{"embeddable":true,"href":"https:\/\/www.r2cpress.com.br\/v1\/wp-json\/wp\/v2\/comments?post=72215"}],"version-history":[{"count":2,"href":"https:\/\/www.r2cpress.com.br\/v1\/wp-json\/wp\/v2\/posts\/72215\/revisions"}],"predecessor-version":[{"id":72217,"href":"https:\/\/www.r2cpress.com.br\/v1\/wp-json\/wp\/v2\/posts\/72215\/revisions\/72217"}],"wp:attachment":[{"href":"https:\/\/www.r2cpress.com.br\/v1\/wp-json\/wp\/v2\/media?parent=72215"}],"wp:term":[{"taxonomy":"category","embeddable":true,"href":"https:\/\/www.r2cpress.com.br\/v1\/wp-json\/wp\/v2\/categories?post=72215"},{"taxonomy":"post_tag","embeddable":true,"href":"https:\/\/www.r2cpress.com.br\/v1\/wp-json\/wp\/v2\/tags?post=72215"}],"curies":[{"name":"wp","href":"https:\/\/api.w.org\/{rel}","templated":true}]}}