{"id":72218,"date":"2013-09-19T12:42:21","date_gmt":"2013-09-19T15:42:21","guid":{"rendered":"http:\/\/www.r2cpress.com.br\/v1\/?p=72218"},"modified":"2013-09-19T12:42:21","modified_gmt":"2013-09-19T15:42:21","slug":"governador-instala-universidade-federal-do-sul-da-bahia-em-itabuna","status":"publish","type":"post","link":"https:\/\/www.r2cpress.com.br\/v1\/2013\/09\/19\/governador-instala-universidade-federal-do-sul-da-bahia-em-itabuna\/","title":{"rendered":"Governador instala Universidade Federal do Sul da Bahia, em Itabuna"},"content":{"rendered":"<p>O governador Jaques Wagner participa, nesta sexta-feira (20), \u00e0s 15h, em Itabuna, do ato de instala\u00e7\u00e3o da Universidade Federal do Sul da Bahia (UFSB). A solenidade ser\u00e1 no distrito de Ferradas, onde funcionar\u00e1 a reitoria da nova universidade. Tamb\u00e9m ser\u00e3o assinados termos de coopera\u00e7\u00e3o t\u00e9cnica entre a UFSB e as Secretarias Estaduais de Educa\u00e7\u00e3o (SEC), de Cultura (Secult) e de Ci\u00eancia, Tecnologia e Inova\u00e7\u00e3o (Secti), para viabilizar o funcionamento dos campi.<\/p>\n<p>A UFSB vai funcionar com campi distribu\u00eddos em tr\u00eas munic\u00edpios do Sul e Extremo Sul da Bahia: campus Jorge Amado, em Itabuna; campus Sos\u00edgenes Costa, em Porto Seguro; campus Paulo Freire, em Teixeira de Freitas. As atividades come\u00e7am no segundo semestre de 2014. <\/p>\n<p>&#8230;<br \/>\nSecom  &#8211; Secretaria de Comunica\u00e7\u00e3o Social &#8211; Governo da Bahia<br \/>\nwww.comunicacao.ba.gov.br<\/p>\n","protected":false},"excerpt":{"rendered":"<p>O governador Jaques Wagner participa, nesta sexta-feira (20), \u00e0s 15h, em Itabuna, do ato de instala\u00e7\u00e3o da Universidade Federal do Sul da Bahia (UFSB). A solenidade ser\u00e1 no distrito de Ferradas, onde funcionar\u00e1 a reitoria da nova universidade. Tamb\u00e9m ser\u00e3o assinados termos de coopera\u00e7\u00e3o t\u00e9cnica entre a UFSB e as Secretarias Estaduais de Educa\u00e7\u00e3o (SEC), [&hellip;]<\/p>\n","protected":false},"author":2,"featured_media":0,"comment_status":"open","ping_status":"open","sticky":false,"template":"","format":"standard","meta":{"_links_to":"","_links_to_target":""},"categories":[29],"tags":[],"_links":{"self":[{"href":"https:\/\/www.r2cpress.com.br\/v1\/wp-json\/wp\/v2\/posts\/72218"}],"collection":[{"href":"https:\/\/www.r2cpress.com.br\/v1\/wp-json\/wp\/v2\/posts"}],"about":[{"href":"https:\/\/www.r2cpress.com.br\/v1\/wp-json\/wp\/v2\/types\/post"}],"author":[{"embeddable":true,"href":"https:\/\/www.r2cpress.com.br\/v1\/wp-json\/wp\/v2\/users\/2"}],"replies":[{"embeddable":true,"href":"https:\/\/www.r2cpress.com.br\/v1\/wp-json\/wp\/v2\/comments?post=72218"}],"version-history":[{"count":2,"href":"https:\/\/www.r2cpress.com.br\/v1\/wp-json\/wp\/v2\/posts\/72218\/revisions"}],"predecessor-version":[{"id":72220,"href":"https:\/\/www.r2cpress.com.br\/v1\/wp-json\/wp\/v2\/posts\/72218\/revisions\/72220"}],"wp:attachment":[{"href":"https:\/\/www.r2cpress.com.br\/v1\/wp-json\/wp\/v2\/media?parent=72218"}],"wp:term":[{"taxonomy":"category","embeddable":true,"href":"https:\/\/www.r2cpress.com.br\/v1\/wp-json\/wp\/v2\/categories?post=72218"},{"taxonomy":"post_tag","embeddable":true,"href":"https:\/\/www.r2cpress.com.br\/v1\/wp-json\/wp\/v2\/tags?post=72218"}],"curies":[{"name":"wp","href":"https:\/\/api.w.org\/{rel}","templated":true}]}}