{"id":72228,"date":"2013-09-19T14:53:04","date_gmt":"2013-09-19T17:53:04","guid":{"rendered":"http:\/\/www.r2cpress.com.br\/v1\/?p=72228"},"modified":"2013-09-19T14:53:04","modified_gmt":"2013-09-19T17:53:04","slug":"viametro-transportes-urbanos","status":"publish","type":"post","link":"https:\/\/www.r2cpress.com.br\/v1\/2013\/09\/19\/viametro-transportes-urbanos\/","title":{"rendered":"Viametro Transportes Urbanos"},"content":{"rendered":"<p style=\"text-align: center;\"><b>NOTA P\u00daBLICA <\/b><\/p>\n<p>\u00a0A Viametro Transportes Urbanos, empresa que atua no sistema de transporte p\u00fablico do munic\u00edpio de Ilh\u00e9us, lamenta profundamente o ato de vandalismo, ocorrido na noite de segunda-feira, dia 17, por volta das 21 horas, no bairro Hernani S\u00e1, que resultou no inc\u00eandio do \u00f4nibus. Felizmente, n\u00e3o houve v\u00edtimas, pois o ve\u00edculo encontrava-se vazio.<\/p>\n<p>A dire\u00e7\u00e3o da empresa repudia a depreda\u00e7\u00e3o e queima criminosa de \u00f4nibus, pois esse tipo de ato p\u00f5e em risco a vida das pessoas e compromete a rotina do servi\u00e7o p\u00fablico de transporte.<\/p>\n<p>A Viametro entende que a popula\u00e7\u00e3o tem todo o direito de fazer manifesta\u00e7\u00f5es por melhoria da qualidade e valor dos servi\u00e7os, mas nem a empresa e nem os cidad\u00e3os de bem que residem em Ilh\u00e9us admitem atos de vandalismo de qualquer natureza.<\/p>\n<p>Assim, a Viametro reafirma o seu compromisso de garantir transporte p\u00fablico de qualidade aos ilheenses e se coloca \u00e0 disposi\u00e7\u00e3o da comunidade para discutir assuntos relativos aos servi\u00e7os prestados na \u00e1rea de transporte de passageiros.<\/p>\n<p style=\"text-align: center;\">Ilh\u00e9us, 18 de setembro de 2013.<\/p>\n","protected":false},"excerpt":{"rendered":"<p>NOTA P\u00daBLICA \u00a0A Viametro Transportes Urbanos, empresa que atua no sistema de transporte p\u00fablico do munic\u00edpio de Ilh\u00e9us, lamenta profundamente o ato de vandalismo, ocorrido na noite de segunda-feira, dia 17, por volta das 21 horas, no bairro Hernani S\u00e1, que resultou no inc\u00eandio do \u00f4nibus. Felizmente, n\u00e3o houve v\u00edtimas, pois o ve\u00edculo encontrava-se vazio. [&hellip;]<\/p>\n","protected":false},"author":2,"featured_media":0,"comment_status":"open","ping_status":"open","sticky":false,"template":"","format":"standard","meta":{"_links_to":"","_links_to_target":""},"categories":[10],"tags":[],"_links":{"self":[{"href":"https:\/\/www.r2cpress.com.br\/v1\/wp-json\/wp\/v2\/posts\/72228"}],"collection":[{"href":"https:\/\/www.r2cpress.com.br\/v1\/wp-json\/wp\/v2\/posts"}],"about":[{"href":"https:\/\/www.r2cpress.com.br\/v1\/wp-json\/wp\/v2\/types\/post"}],"author":[{"embeddable":true,"href":"https:\/\/www.r2cpress.com.br\/v1\/wp-json\/wp\/v2\/users\/2"}],"replies":[{"embeddable":true,"href":"https:\/\/www.r2cpress.com.br\/v1\/wp-json\/wp\/v2\/comments?post=72228"}],"version-history":[{"count":3,"href":"https:\/\/www.r2cpress.com.br\/v1\/wp-json\/wp\/v2\/posts\/72228\/revisions"}],"predecessor-version":[{"id":72231,"href":"https:\/\/www.r2cpress.com.br\/v1\/wp-json\/wp\/v2\/posts\/72228\/revisions\/72231"}],"wp:attachment":[{"href":"https:\/\/www.r2cpress.com.br\/v1\/wp-json\/wp\/v2\/media?parent=72228"}],"wp:term":[{"taxonomy":"category","embeddable":true,"href":"https:\/\/www.r2cpress.com.br\/v1\/wp-json\/wp\/v2\/categories?post=72228"},{"taxonomy":"post_tag","embeddable":true,"href":"https:\/\/www.r2cpress.com.br\/v1\/wp-json\/wp\/v2\/tags?post=72228"}],"curies":[{"name":"wp","href":"https:\/\/api.w.org\/{rel}","templated":true}]}}