{"id":72232,"date":"2013-09-19T15:08:53","date_gmt":"2013-09-19T18:08:53","guid":{"rendered":"http:\/\/www.r2cpress.com.br\/v1\/?p=72232"},"modified":"2013-09-19T15:08:53","modified_gmt":"2013-09-19T18:08:53","slug":"voce-esta-convidado-2","status":"publish","type":"post","link":"https:\/\/www.r2cpress.com.br\/v1\/2013\/09\/19\/voce-esta-convidado-2\/","title":{"rendered":"Voc\u00ea est\u00e1 convidado!"},"content":{"rendered":"<p><strong>Culto da Primavera!<\/strong><\/p>\n<p>A <strong>Igreja Evang\u00e9lica Minist\u00e9rio Internacional Gets\u00eamani<\/strong> em Ilh\u00e9us, convidam para a festividade do lan\u00e7amento do CD do Irm\u00e3o Jos\u00e9 \u2013 Vontade de Viver.<\/p>\n<p>Dia: 21 de Setembro (S\u00e1bado)<br \/>\nHor\u00e1rio: Das 18:00 \u00e0s 21:30h<\/p>\n<p>E no Domingo dia 22 de setembro no mesmo hor\u00e1rio, teremos a participa\u00e7\u00e3o da Banda Adora\u00e7\u00e3o Suprema.<\/p>\n<p>Local: Rua Santar\u00e9m, 196 \u2013 Av. Itabuna<br \/>\n(Em frente ao Col\u00e9gio E. E. Catal\u00e3o)<\/p>\n<p>Nestes dias teremos, uma grande Pra\u00e7a de Alimenta\u00e7\u00e3o com v\u00e1rios itens de degusta\u00e7\u00e3o!<\/p>\n<p>Informa\u00e7\u00f5es: www.ministeriogetsemaniios.blogspot.com.br<\/p>\n<p>(73)8825-5563 | 8132-4114 | 9145-5562<\/p>\n","protected":false},"excerpt":{"rendered":"<p>Culto da Primavera! A Igreja Evang\u00e9lica Minist\u00e9rio Internacional Gets\u00eamani em Ilh\u00e9us, convidam para a festividade do lan\u00e7amento do CD do Irm\u00e3o Jos\u00e9 \u2013 Vontade de Viver. Dia: 21 de Setembro (S\u00e1bado) Hor\u00e1rio: Das 18:00 \u00e0s 21:30h E no Domingo dia 22 de setembro no mesmo hor\u00e1rio, teremos a participa\u00e7\u00e3o da Banda Adora\u00e7\u00e3o Suprema. Local: Rua [&hellip;]<\/p>\n","protected":false},"author":2,"featured_media":0,"comment_status":"open","ping_status":"open","sticky":false,"template":"","format":"standard","meta":{"_links_to":"","_links_to_target":""},"categories":[10],"tags":[],"_links":{"self":[{"href":"https:\/\/www.r2cpress.com.br\/v1\/wp-json\/wp\/v2\/posts\/72232"}],"collection":[{"href":"https:\/\/www.r2cpress.com.br\/v1\/wp-json\/wp\/v2\/posts"}],"about":[{"href":"https:\/\/www.r2cpress.com.br\/v1\/wp-json\/wp\/v2\/types\/post"}],"author":[{"embeddable":true,"href":"https:\/\/www.r2cpress.com.br\/v1\/wp-json\/wp\/v2\/users\/2"}],"replies":[{"embeddable":true,"href":"https:\/\/www.r2cpress.com.br\/v1\/wp-json\/wp\/v2\/comments?post=72232"}],"version-history":[{"count":3,"href":"https:\/\/www.r2cpress.com.br\/v1\/wp-json\/wp\/v2\/posts\/72232\/revisions"}],"predecessor-version":[{"id":72235,"href":"https:\/\/www.r2cpress.com.br\/v1\/wp-json\/wp\/v2\/posts\/72232\/revisions\/72235"}],"wp:attachment":[{"href":"https:\/\/www.r2cpress.com.br\/v1\/wp-json\/wp\/v2\/media?parent=72232"}],"wp:term":[{"taxonomy":"category","embeddable":true,"href":"https:\/\/www.r2cpress.com.br\/v1\/wp-json\/wp\/v2\/categories?post=72232"},{"taxonomy":"post_tag","embeddable":true,"href":"https:\/\/www.r2cpress.com.br\/v1\/wp-json\/wp\/v2\/tags?post=72232"}],"curies":[{"name":"wp","href":"https:\/\/api.w.org\/{rel}","templated":true}]}}