{"id":72236,"date":"2013-09-19T16:13:37","date_gmt":"2013-09-19T19:13:37","guid":{"rendered":"http:\/\/www.r2cpress.com.br\/v1\/?p=72236"},"modified":"2013-09-19T16:14:24","modified_gmt":"2013-09-19T19:14:24","slug":"santa-casa-de-misericordia-de-ilheus-3","status":"publish","type":"post","link":"https:\/\/www.r2cpress.com.br\/v1\/2013\/09\/19\/santa-casa-de-misericordia-de-ilheus-3\/","title":{"rendered":"Santa Casa de Miseric\u00f3rdia de Ilh\u00e9us"},"content":{"rendered":"<p><strong>A SANTA CASA DE MISERIC\u00d3RDIA DE ILH\u00c9US VOLTA A ATENDER AOS BENEFICI\u00c1RIOS DO PLANSERV A PARTIR DE PRIMEIRO DE OUTUBRO.<\/strong><\/p>\n<p><em>O RETORNO DO ATENDIMENTO DO PLANSERV PELA SANTA CASA DE MISERIC\u00d3RDIA DE ILH\u00c9US SE DEVE A UMA COMUNH\u00c3O DE ESFOR\u00c7OS DE PESSOAS ABNEGADAS COMPROMETIDAS COM A SA\u00daDE E BEM-ESTAR DOS SEUS SEMELHANTES.<\/em><\/p>\n<p>A Diretoria da Irmandade da Santa Casa de Miseric\u00f3rdia de Ilh\u00e9us, mantenedora do Hospital S\u00e3o Jos\u00e9 e Maternidade Santa Helena, por seu provedor Eus\u00ednio Lavigne Gesteira, vem a publico agradecer a todos que contribu\u00edram para a renova\u00e7\u00e3o do credenciamento deste importante Plano de Sa\u00fade, PLANSERV, que abriga em Ilh\u00e9us mais de 15.000 mil usu\u00e1rios. E em especial, agradecer a decisiva participa\u00e7\u00e3o destes dois amigos da SA\u00daDE e colaboradores desta Santa Casa M. de Ilh\u00e9us, Deputada Estadual \u00c2ngela Souza, e o Deputado Federal Dr. Antonio Brito, membro da Comiss\u00e3o Parlamentar de Sa\u00fade da C\u00e2mara dos Deputados em Bras\u00edlia, que assumiram e cumpriram a promessa de viabilizar os meios legais que tornaram poss\u00edvel a regulariza\u00e7\u00e3o de pend\u00eancias burocr\u00e1ticas e legais, como a exig\u00eancia de certid\u00f5es negativas, que dificultavam a habilita\u00e7\u00e3o desta entidade para ingressar na rede de credenciados do PLANSERV.<\/p>\n<div id=\"attachment_72237\" style=\"width: 610px\" class=\"wp-caption aligncenter\"><a href=\"http:\/\/www.r2cpress.com.br\/v1\/wp-content\/uploads\/SANTA-CASA-uti-deputado-antonio-brito-e-euzinio.jpg\"><img aria-describedby=\"caption-attachment-72237\" loading=\"lazy\" class=\"size-full wp-image-72237\" alt=\"(E) Provedor  Eusinio Lavigne        -    Deputado Federal Dr. Antonio Brito\" src=\"http:\/\/www.r2cpress.com.br\/v1\/wp-content\/uploads\/SANTA-CASA-uti-deputado-antonio-brito-e-euzinio.jpg\" width=\"600\" height=\"294\" srcset=\"https:\/\/www.r2cpress.com.br\/v1\/wp-content\/uploads\/SANTA-CASA-uti-deputado-antonio-brito-e-euzinio.jpg 600w, https:\/\/www.r2cpress.com.br\/v1\/wp-content\/uploads\/SANTA-CASA-uti-deputado-antonio-brito-e-euzinio-300x147.jpg 300w\" sizes=\"(max-width: 600px) 100vw, 600px\" \/><\/a><p id=\"caption-attachment-72237\" class=\"wp-caption-text\"><strong>(E) Provedor Eusinio Lavigne &#8211; Deputado Federal Dr. Antonio Brito<\/strong><\/p><\/div>\n<p>Os esfor\u00e7os desses dois abnegados parceiros revelam o comprometimento que eles t\u00eam com todos os seus semelhantes, notadamente com os benefici\u00e1rios do PLANSERV de Ilh\u00e9us e cidades circunvizinhas, que passar\u00e3o a contar a partir de 1\u00ba de outubro de 2013, com todos os servi\u00e7os oferecidos pelo Hospital S\u00e3o Jos\u00e9 e Maternidade Santa Helena.<\/p>\n<p>O nosso muit\u00edssimo obrigado, amigos, pela conquista desta importante vit\u00f3ria que n\u00e3o \u00e9 s\u00f3 da Santa Casa de M. de Ilh\u00e9us, e sim de todos: diretoria, funcion\u00e1rios, m\u00e9dicos, colaboradores, benefici\u00e1rios do PLANSERV e da popula\u00e7\u00e3o regional como um todo.<\/p>\n","protected":false},"excerpt":{"rendered":"<p>A SANTA CASA DE MISERIC\u00d3RDIA DE ILH\u00c9US VOLTA A ATENDER AOS BENEFICI\u00c1RIOS DO PLANSERV A PARTIR DE PRIMEIRO DE OUTUBRO. O RETORNO DO ATENDIMENTO DO PLANSERV PELA SANTA CASA DE MISERIC\u00d3RDIA DE ILH\u00c9US SE DEVE A UMA COMUNH\u00c3O DE ESFOR\u00c7OS DE PESSOAS ABNEGADAS COMPROMETIDAS COM A SA\u00daDE E BEM-ESTAR DOS SEUS SEMELHANTES. A Diretoria da [&hellip;]<\/p>\n","protected":false},"author":2,"featured_media":0,"comment_status":"open","ping_status":"open","sticky":false,"template":"","format":"standard","meta":{"_links_to":"","_links_to_target":""},"categories":[24],"tags":[],"_links":{"self":[{"href":"https:\/\/www.r2cpress.com.br\/v1\/wp-json\/wp\/v2\/posts\/72236"}],"collection":[{"href":"https:\/\/www.r2cpress.com.br\/v1\/wp-json\/wp\/v2\/posts"}],"about":[{"href":"https:\/\/www.r2cpress.com.br\/v1\/wp-json\/wp\/v2\/types\/post"}],"author":[{"embeddable":true,"href":"https:\/\/www.r2cpress.com.br\/v1\/wp-json\/wp\/v2\/users\/2"}],"replies":[{"embeddable":true,"href":"https:\/\/www.r2cpress.com.br\/v1\/wp-json\/wp\/v2\/comments?post=72236"}],"version-history":[{"count":4,"href":"https:\/\/www.r2cpress.com.br\/v1\/wp-json\/wp\/v2\/posts\/72236\/revisions"}],"predecessor-version":[{"id":72241,"href":"https:\/\/www.r2cpress.com.br\/v1\/wp-json\/wp\/v2\/posts\/72236\/revisions\/72241"}],"wp:attachment":[{"href":"https:\/\/www.r2cpress.com.br\/v1\/wp-json\/wp\/v2\/media?parent=72236"}],"wp:term":[{"taxonomy":"category","embeddable":true,"href":"https:\/\/www.r2cpress.com.br\/v1\/wp-json\/wp\/v2\/categories?post=72236"},{"taxonomy":"post_tag","embeddable":true,"href":"https:\/\/www.r2cpress.com.br\/v1\/wp-json\/wp\/v2\/tags?post=72236"}],"curies":[{"name":"wp","href":"https:\/\/api.w.org\/{rel}","templated":true}]}}