{"id":72242,"date":"2013-09-19T16:20:54","date_gmt":"2013-09-19T19:20:54","guid":{"rendered":"http:\/\/www.r2cpress.com.br\/v1\/?p=72242"},"modified":"2013-09-19T16:20:54","modified_gmt":"2013-09-19T19:20:54","slug":"deputada-angela-sousa-cobra-visita-as-obras-da-fiol-em-ilheus","status":"publish","type":"post","link":"https:\/\/www.r2cpress.com.br\/v1\/2013\/09\/19\/deputada-angela-sousa-cobra-visita-as-obras-da-fiol-em-ilheus\/","title":{"rendered":"Deputada \u00c2ngela Sousa cobra  visita \u00e0s obras da Fiol em Ilh\u00e9us"},"content":{"rendered":"<p><a href=\"http:\/\/www.r2cpress.com.br\/v1\/wp-content\/uploads\/Fiol.jpg\"><img loading=\"lazy\" src=\"http:\/\/www.r2cpress.com.br\/v1\/wp-content\/uploads\/Fiol.jpg\" alt=\"Fiol\" width=\"250\" height=\"167\" class=\"alignleft size-full wp-image-72243\" \/><\/a>Os integrantes da Comiss\u00e3o Especial da Ferrovia de Integra\u00e7\u00e3o Oeste-Leste, da Assembleia Legislativa, agendaram uma visita ao canteiro de obras de Brumado, no sudoeste. A vistoria no chamado lote IV do empreendimento est\u00e1 marcada para o pr\u00f3ximo dia 18 de outubro. A previs\u00e3o \u00e9 a de que, no prazo de dois anos, as obras nesse trecho sejam conclu\u00eddas.<\/p>\n<p>A deputada estadual \u00c2ngela Souza (PSD) elogiou a iniciativa da presidente do colegiado, deputada Ivana Bastos (PSD), de programar a ida a Brumado, mas cobrou tamb\u00e9m uma visita dos parlamentares ao lote I, em Ilh\u00e9us, no sul da Bahia. \u00c9 em Ilh\u00e9us que est\u00e1 sendo constru\u00eddo o Porto Sul, com investimentos estimados em R$ 3,5 bilh\u00f5es e \u00e1rea total de 1,8 mil hectares. Ele ser\u00e1 o destino final da Ferrovia de Integra\u00e7\u00e3o Oeste-Leste (Fiol).<\/p>\n<p>Tanto Ivana quanto \u00c2ngela Souza est\u00e3o preocupadas com os constantes atrasos no andamento das obras. &#8220;Nosso objetivo \u00e9 visitar todos os canteiros de obras da ferrovia&#8221;, afirmou Ivana Bastos. Na semana passada, ela participou de uma reuni\u00e3o de trabalho conduzida pela Casa Civil do Estado da Bahia com representantes da Valec Engenharia e de cons\u00f3rcios executores das obras da Fiol.<\/p>\n<p>A reuni\u00e3o tratou de assuntos funcionais e estruturais que promover\u00e3o o andamento mais c\u00e9lere das obras. Foram encaminhadas solu\u00e7\u00f5es nas \u00e1reas de eletrifica\u00e7\u00e3o, desapropria\u00e7\u00e3o e registros cartoriais. &#8220;Acho importante participar tamb\u00e9m destas reuni\u00f5es de trabalho e encontros t\u00e9cnicos, pois fundamentalmente s\u00e3o nestes momentos que as menores demandas ou as de maior porte s\u00e3o efetivamente resolvidas&#8221;, ponderou a deputada.<\/p>\n<p>&#8212;<br \/>\nAI\/DEP.<\/p>\n","protected":false},"excerpt":{"rendered":"<p>Os integrantes da Comiss\u00e3o Especial da Ferrovia de Integra\u00e7\u00e3o Oeste-Leste, da Assembleia Legislativa, agendaram uma visita ao canteiro de obras de Brumado, no sudoeste. A vistoria no chamado lote IV do empreendimento est\u00e1 marcada para o pr\u00f3ximo dia 18 de outubro. A previs\u00e3o \u00e9 a de que, no prazo de dois anos, as obras nesse [&hellip;]<\/p>\n","protected":false},"author":2,"featured_media":0,"comment_status":"open","ping_status":"open","sticky":false,"template":"","format":"standard","meta":{"_links_to":"","_links_to_target":""},"categories":[22],"tags":[],"_links":{"self":[{"href":"https:\/\/www.r2cpress.com.br\/v1\/wp-json\/wp\/v2\/posts\/72242"}],"collection":[{"href":"https:\/\/www.r2cpress.com.br\/v1\/wp-json\/wp\/v2\/posts"}],"about":[{"href":"https:\/\/www.r2cpress.com.br\/v1\/wp-json\/wp\/v2\/types\/post"}],"author":[{"embeddable":true,"href":"https:\/\/www.r2cpress.com.br\/v1\/wp-json\/wp\/v2\/users\/2"}],"replies":[{"embeddable":true,"href":"https:\/\/www.r2cpress.com.br\/v1\/wp-json\/wp\/v2\/comments?post=72242"}],"version-history":[{"count":2,"href":"https:\/\/www.r2cpress.com.br\/v1\/wp-json\/wp\/v2\/posts\/72242\/revisions"}],"predecessor-version":[{"id":72245,"href":"https:\/\/www.r2cpress.com.br\/v1\/wp-json\/wp\/v2\/posts\/72242\/revisions\/72245"}],"wp:attachment":[{"href":"https:\/\/www.r2cpress.com.br\/v1\/wp-json\/wp\/v2\/media?parent=72242"}],"wp:term":[{"taxonomy":"category","embeddable":true,"href":"https:\/\/www.r2cpress.com.br\/v1\/wp-json\/wp\/v2\/categories?post=72242"},{"taxonomy":"post_tag","embeddable":true,"href":"https:\/\/www.r2cpress.com.br\/v1\/wp-json\/wp\/v2\/tags?post=72242"}],"curies":[{"name":"wp","href":"https:\/\/api.w.org\/{rel}","templated":true}]}}