{"id":72247,"date":"2013-09-19T19:12:04","date_gmt":"2013-09-19T22:12:04","guid":{"rendered":"http:\/\/www.r2cpress.com.br\/v1\/?p=72247"},"modified":"2013-09-19T19:12:04","modified_gmt":"2013-09-19T22:12:04","slug":"me-tirando-do-serio","status":"publish","type":"post","link":"https:\/\/www.r2cpress.com.br\/v1\/2013\/09\/19\/me-tirando-do-serio\/","title":{"rendered":"ME TIRANDO DO S\u00c9RIO"},"content":{"rendered":"<p><img loading=\"lazy\" src=\"http:\/\/www.r2cpress.com.br\/v1\/wp-content\/uploads\/NILSON-PESSOA_MODIFICADA.jpg\" width=\"300\" height=\"209\" class=\"alignleft\" \/>\u00c9 irritante, revoltante e constrangedor ler uma not\u00edcia da Prefeitura Municipal sobre a realiza\u00e7\u00e3o de obras no bairro Hernani S\u00e1 ( clique <a href = \"http:\/\/www.r2cpress.com.br\/v1\/2013\/09\/19\/moradores-do-hernani-sa-sao-beneficiados-com-melhorias-na-infraestrutura-do-bairro\/\" target = \"_news\"><b>aqui<\/b><\/a> ), essa mesma not\u00edcia atestar que os logradouros Faelba e Santo Ant\u00f4nio de P\u00e1dua fazem parte do bairro e nenhuma, absolutamente nenhuma provid\u00eancia ser anunciada (e certamente n\u00e3o ser\u00e1 adotada) em rela\u00e7\u00e3o ao estado de calamitosa vergonha no qual se encontram as vias p\u00fablicas desses dois logradouros, em condi\u00e7\u00f5es lastim\u00e1veis, praticamente imposs\u00edvel de transitar, qualquer que seja o meio de transporte, inclusive a p\u00e9.  S\u00e3o buracos, crateras e lama\u00e7al dignos dos confins de uma Serra Pelada abandonada. N\u00e3o \u00e9 somente vergonhoso, \u00e9 tamb\u00e9m ultrajante e desrespeitoso para com os contribuintes que pagam seu impostos e os eleitores que confiam seus votos.<br \/>\nN\u00e3o, n\u00e3o d\u00e1 para assistir passivo a tamanhos descaso e injusti\u00e7a. Que fique registrado, mais uma vez, meu protesto escrito, silencioso e democr\u00e1tico, por\u00e9m aborrecido e inconformado.<\/p>\n<p><em><strong>Nilson Pessoa<\/strong><\/em><\/p>\n","protected":false},"excerpt":{"rendered":"<p>\u00c9 irritante, revoltante e constrangedor ler uma not\u00edcia da Prefeitura Municipal sobre a realiza\u00e7\u00e3o de obras no bairro Hernani S\u00e1 ( clique aqui ), essa mesma not\u00edcia atestar que os logradouros Faelba e Santo Ant\u00f4nio de P\u00e1dua fazem parte do bairro e nenhuma, absolutamente nenhuma provid\u00eancia ser anunciada (e certamente n\u00e3o ser\u00e1 adotada) em rela\u00e7\u00e3o [&hellip;]<\/p>\n","protected":false},"author":2,"featured_media":0,"comment_status":"open","ping_status":"open","sticky":false,"template":"","format":"standard","meta":{"_links_to":"","_links_to_target":""},"categories":[10],"tags":[],"_links":{"self":[{"href":"https:\/\/www.r2cpress.com.br\/v1\/wp-json\/wp\/v2\/posts\/72247"}],"collection":[{"href":"https:\/\/www.r2cpress.com.br\/v1\/wp-json\/wp\/v2\/posts"}],"about":[{"href":"https:\/\/www.r2cpress.com.br\/v1\/wp-json\/wp\/v2\/types\/post"}],"author":[{"embeddable":true,"href":"https:\/\/www.r2cpress.com.br\/v1\/wp-json\/wp\/v2\/users\/2"}],"replies":[{"embeddable":true,"href":"https:\/\/www.r2cpress.com.br\/v1\/wp-json\/wp\/v2\/comments?post=72247"}],"version-history":[{"count":3,"href":"https:\/\/www.r2cpress.com.br\/v1\/wp-json\/wp\/v2\/posts\/72247\/revisions"}],"predecessor-version":[{"id":72250,"href":"https:\/\/www.r2cpress.com.br\/v1\/wp-json\/wp\/v2\/posts\/72247\/revisions\/72250"}],"wp:attachment":[{"href":"https:\/\/www.r2cpress.com.br\/v1\/wp-json\/wp\/v2\/media?parent=72247"}],"wp:term":[{"taxonomy":"category","embeddable":true,"href":"https:\/\/www.r2cpress.com.br\/v1\/wp-json\/wp\/v2\/categories?post=72247"},{"taxonomy":"post_tag","embeddable":true,"href":"https:\/\/www.r2cpress.com.br\/v1\/wp-json\/wp\/v2\/tags?post=72247"}],"curies":[{"name":"wp","href":"https:\/\/api.w.org\/{rel}","templated":true}]}}