{"id":72251,"date":"2013-09-19T19:27:02","date_gmt":"2013-09-19T22:27:02","guid":{"rendered":"http:\/\/www.r2cpress.com.br\/v1\/?p=72251"},"modified":"2013-09-19T19:27:02","modified_gmt":"2013-09-19T22:27:02","slug":"prefeitura-realiza-intervencoes-no-alto-do-belmonte","status":"publish","type":"post","link":"https:\/\/www.r2cpress.com.br\/v1\/2013\/09\/19\/prefeitura-realiza-intervencoes-no-alto-do-belmonte\/","title":{"rendered":"Prefeitura realiza interven\u00e7\u00f5es no Alto do Belmonte"},"content":{"rendered":"<p><em><strong>O servi\u00e7o consiste na limpeza do declive para em seguida adaptar sacos de cimentos que formar\u00e3o uma conten\u00e7\u00e3o da encosta. A Prefeitura tamb\u00e9m est\u00e1 executando obras de conten\u00e7\u00e3o nos altos da Esperan\u00e7a, Soledade e do Bas\u00edlio.<\/strong><\/em><\/p>\n<div id=\"attachment_72252\" style=\"width: 610px\" class=\"wp-caption aligncenter\"><a href=\"http:\/\/www.r2cpress.com.br\/v1\/wp-content\/uploads\/CAPA-R2CPRESS191.jpg\"><img aria-describedby=\"caption-attachment-72252\" loading=\"lazy\" src=\"http:\/\/www.r2cpress.com.br\/v1\/wp-content\/uploads\/CAPA-R2CPRESS191.jpg\" alt=\"Foto: Gidelzo Silva Secom-Ilh\u00e9us\" width=\"600\" height=\"600\" class=\"size-full wp-image-72252\" srcset=\"https:\/\/www.r2cpress.com.br\/v1\/wp-content\/uploads\/CAPA-R2CPRESS191.jpg 600w, https:\/\/www.r2cpress.com.br\/v1\/wp-content\/uploads\/CAPA-R2CPRESS191-150x150.jpg 150w, https:\/\/www.r2cpress.com.br\/v1\/wp-content\/uploads\/CAPA-R2CPRESS191-300x300.jpg 300w\" sizes=\"(max-width: 600px) 100vw, 600px\" \/><\/a><p id=\"caption-attachment-72252\" class=\"wp-caption-text\">Foto: Gidelzo Silva Secom-Ilh\u00e9us<\/p><\/div>\n<p>Atendendo a solicita\u00e7\u00e3o dos moradores do Alto do Belmonte, a Prefeitura de Ilh\u00e9us, atrav\u00e9s da Secretaria de Desenvolvimento Urbano (Sedur), iniciou nesta quinta-feira, dia 19, interven\u00e7\u00f5es no local, para evitar o deslizamento de terras. A primeira etapa do servi\u00e7o consiste na limpeza do declive para em seguida adaptar sacos de cimentos que formar\u00e3o uma conten\u00e7\u00e3o da encosta. Segundo a senhora Geane Santana, que entrou em contato com a secretaria nesta semana, faz mais de cinco anos que a comunidade convive com o problema. <\/p>\n<p>Conforme explica o superintendente de Obras da Sedur, Ednaldo Azevedo, os moradores do local informaram que h\u00e1 um poss\u00edvel propriet\u00e1rio do terreno. \u201cEstamos investigando para identificar o propriet\u00e1rio, mas enquanto isso, para assegurar a integridade f\u00edsica dos moradores, vamos fazer uma interven\u00e7\u00e3o provis\u00f3ria para impedir poss\u00edvel deslizamento de terras e o agravamento da situa\u00e7\u00e3o das fam\u00edlias\u201d, explica Azevedo.<\/p>\n<p>Azevedo solicita que o poss\u00edvel propriet\u00e1rio entre em contato com a Sedur para regularizar a situa\u00e7\u00e3o.<\/p>\n<p>Mais Conten\u00e7\u00e3o \u2013 A Sedur tamb\u00e9m est\u00e1 realizando obras de conten\u00e7\u00e3o de encostas nos altos da Soledade, do Bas\u00edlio e da Esperan\u00e7a, onda tamb\u00e9m est\u00e1 ocorrendo a constru\u00e7\u00e3o de escadarias e implanta\u00e7\u00e3o da rede de drenagem. As interven\u00e7\u00f5es tiveram in\u00edcio no \u00faltimo dia 2 de setembro e fazem parte do conjunto de a\u00e7\u00f5es planejadas pela Prefeitura de Ilh\u00e9us com a primeira parcela dos recursos destinados pelo governo Federal para atendimento emergencial aos munic\u00edpios, da ordem R$ 1.474.448,74.<\/p>\n<p>Tamb\u00e9m ser\u00e3o realizadas nos morros a recupera\u00e7\u00e3o de acessos e passeios, a instala\u00e7\u00e3o de corrim\u00e3os e de calha de drenagem, al\u00e9m da recupera\u00e7\u00e3o da pavimenta\u00e7\u00e3o e de escadarias. Os altos da Rua do Cano, da Tapera, do Amparo, do Cacau, do Coqueiro, do Seringal, da Uberl\u00e2ndia, do Bas\u00edlio, dos Carilos e S\u00e3o Luiz tamb\u00e9m ser\u00e3o beneficiados com a\u00e7\u00f5es estruturantes. A Prefeitura tamb\u00e9m aplicar\u00e1 a verba do governo Federal em instala\u00e7\u00e3o de sistemas de drenagem e na recupera\u00e7\u00e3o de pra\u00e7as e de canteiros da cidade.<\/p>\n<p>&#8212;<br \/>\nAI\/PMI<\/p>\n","protected":false},"excerpt":{"rendered":"<p>O servi\u00e7o consiste na limpeza do declive para em seguida adaptar sacos de cimentos que formar\u00e3o uma conten\u00e7\u00e3o da encosta. A Prefeitura tamb\u00e9m est\u00e1 executando obras de conten\u00e7\u00e3o nos altos da Esperan\u00e7a, Soledade e do Bas\u00edlio. Atendendo a solicita\u00e7\u00e3o dos moradores do Alto do Belmonte, a Prefeitura de Ilh\u00e9us, atrav\u00e9s da Secretaria de Desenvolvimento Urbano [&hellip;]<\/p>\n","protected":false},"author":2,"featured_media":0,"comment_status":"open","ping_status":"open","sticky":false,"template":"","format":"standard","meta":{"_links_to":"","_links_to_target":""},"categories":[23],"tags":[],"_links":{"self":[{"href":"https:\/\/www.r2cpress.com.br\/v1\/wp-json\/wp\/v2\/posts\/72251"}],"collection":[{"href":"https:\/\/www.r2cpress.com.br\/v1\/wp-json\/wp\/v2\/posts"}],"about":[{"href":"https:\/\/www.r2cpress.com.br\/v1\/wp-json\/wp\/v2\/types\/post"}],"author":[{"embeddable":true,"href":"https:\/\/www.r2cpress.com.br\/v1\/wp-json\/wp\/v2\/users\/2"}],"replies":[{"embeddable":true,"href":"https:\/\/www.r2cpress.com.br\/v1\/wp-json\/wp\/v2\/comments?post=72251"}],"version-history":[{"count":2,"href":"https:\/\/www.r2cpress.com.br\/v1\/wp-json\/wp\/v2\/posts\/72251\/revisions"}],"predecessor-version":[{"id":72254,"href":"https:\/\/www.r2cpress.com.br\/v1\/wp-json\/wp\/v2\/posts\/72251\/revisions\/72254"}],"wp:attachment":[{"href":"https:\/\/www.r2cpress.com.br\/v1\/wp-json\/wp\/v2\/media?parent=72251"}],"wp:term":[{"taxonomy":"category","embeddable":true,"href":"https:\/\/www.r2cpress.com.br\/v1\/wp-json\/wp\/v2\/categories?post=72251"},{"taxonomy":"post_tag","embeddable":true,"href":"https:\/\/www.r2cpress.com.br\/v1\/wp-json\/wp\/v2\/tags?post=72251"}],"curies":[{"name":"wp","href":"https:\/\/api.w.org\/{rel}","templated":true}]}}