{"id":72266,"date":"2013-09-20T08:24:04","date_gmt":"2013-09-20T11:24:04","guid":{"rendered":"http:\/\/www.r2cpress.com.br\/v1\/?p=72266"},"modified":"2013-09-20T08:24:04","modified_gmt":"2013-09-20T11:24:04","slug":"contagem-regressiva","status":"publish","type":"post","link":"https:\/\/www.r2cpress.com.br\/v1\/2013\/09\/20\/contagem-regressiva\/","title":{"rendered":"Contagem Regressiva"},"content":{"rendered":"<p>A Diocese de Ilh\u00e9us come\u00e7a na madrugada desta sexta-feira 20 de setembro, sua CONTAGEM REGRESSIVA para as comemora\u00e7\u00f5es do seu primeiro Centen\u00e1rio. Segundo o nosso Bispo Diocesano Dom Mauro Montagnoli j\u00e1 est\u00e1 confirmada as presen\u00e7as do N\u00fancio Apost\u00f3lico Dom Giovanni D&#8217;Aniello e do Cardeal Primaz do Brasil e da Arquidiocese do S\u00e3o Salvador Dom Murilo Krieger.<\/p>\n<div id=\"attachment_72267\" style=\"width: 610px\" class=\"wp-caption aligncenter\"><a href=\"http:\/\/www.r2cpress.com.br\/v1\/wp-content\/uploads\/30-Dias-para-o-Centen\u00e1rio.jpg\"><img aria-describedby=\"caption-attachment-72267\" loading=\"lazy\" class=\"size-full wp-image-72267\" alt=\"Regressiva\" src=\"http:\/\/www.r2cpress.com.br\/v1\/wp-content\/uploads\/30-Dias-para-o-Centen\u00e1rio.jpg\" width=\"600\" height=\"415\" srcset=\"https:\/\/www.r2cpress.com.br\/v1\/wp-content\/uploads\/30-Dias-para-o-Centen\u00e1rio.jpg 600w, https:\/\/www.r2cpress.com.br\/v1\/wp-content\/uploads\/30-Dias-para-o-Centen\u00e1rio-300x207.jpg 300w\" sizes=\"(max-width: 600px) 100vw, 600px\" \/><\/a><p id=\"caption-attachment-72267\" class=\"wp-caption-text\">Regressiva<\/p><\/div>\n<p>Mais o que realmente os Diocesanos est\u00e3o euf\u00f3ricos \u00e9 para que chegue as Comemora\u00e7\u00f5es previstas para o Per\u00edodo em que estaremos com muita alegria, Louvando e Agradecendo a Deus, por este grande momento; como por exemplo nos dias que antecedem as comemora\u00e7\u00f5es deste primeiro Centen\u00e1rio: Dia 19\/10 teremos Shows e tamb\u00e9m o Festival de M\u00fasica Cat\u00f3lica da Diocese e no dia 20\/10 haver\u00e1 A Caminhada,\u00a0 as Apresenta\u00e7\u00f5es dos Zonais e o grande alto\u00a0 deste Centen\u00e1rio \u00e0s 16h00 em frente a Catedral\u00a0 Diocesana\u00a0 de Ilh\u00e9us uma bela Celebra\u00e7\u00e3o Eucar\u00edstica presidida pelo N\u00fancio Apost\u00f3lico no Brasil, Dom Giovanni D&#8217;Aniello.<\/p>\n","protected":false},"excerpt":{"rendered":"<p>A Diocese de Ilh\u00e9us come\u00e7a na madrugada desta sexta-feira 20 de setembro, sua CONTAGEM REGRESSIVA para as comemora\u00e7\u00f5es do seu primeiro Centen\u00e1rio. Segundo o nosso Bispo Diocesano Dom Mauro Montagnoli j\u00e1 est\u00e1 confirmada as presen\u00e7as do N\u00fancio Apost\u00f3lico Dom Giovanni D&#8217;Aniello e do Cardeal Primaz do Brasil e da Arquidiocese do S\u00e3o Salvador Dom Murilo [&hellip;]<\/p>\n","protected":false},"author":2,"featured_media":0,"comment_status":"open","ping_status":"open","sticky":false,"template":"","format":"standard","meta":{"_links_to":"","_links_to_target":""},"categories":[14],"tags":[],"_links":{"self":[{"href":"https:\/\/www.r2cpress.com.br\/v1\/wp-json\/wp\/v2\/posts\/72266"}],"collection":[{"href":"https:\/\/www.r2cpress.com.br\/v1\/wp-json\/wp\/v2\/posts"}],"about":[{"href":"https:\/\/www.r2cpress.com.br\/v1\/wp-json\/wp\/v2\/types\/post"}],"author":[{"embeddable":true,"href":"https:\/\/www.r2cpress.com.br\/v1\/wp-json\/wp\/v2\/users\/2"}],"replies":[{"embeddable":true,"href":"https:\/\/www.r2cpress.com.br\/v1\/wp-json\/wp\/v2\/comments?post=72266"}],"version-history":[{"count":3,"href":"https:\/\/www.r2cpress.com.br\/v1\/wp-json\/wp\/v2\/posts\/72266\/revisions"}],"predecessor-version":[{"id":72270,"href":"https:\/\/www.r2cpress.com.br\/v1\/wp-json\/wp\/v2\/posts\/72266\/revisions\/72270"}],"wp:attachment":[{"href":"https:\/\/www.r2cpress.com.br\/v1\/wp-json\/wp\/v2\/media?parent=72266"}],"wp:term":[{"taxonomy":"category","embeddable":true,"href":"https:\/\/www.r2cpress.com.br\/v1\/wp-json\/wp\/v2\/categories?post=72266"},{"taxonomy":"post_tag","embeddable":true,"href":"https:\/\/www.r2cpress.com.br\/v1\/wp-json\/wp\/v2\/tags?post=72266"}],"curies":[{"name":"wp","href":"https:\/\/api.w.org\/{rel}","templated":true}]}}