{"id":72298,"date":"2013-09-20T14:34:17","date_gmt":"2013-09-20T17:34:17","guid":{"rendered":"http:\/\/www.r2cpress.com.br\/v1\/?p=72298"},"modified":"2013-09-20T14:34:17","modified_gmt":"2013-09-20T17:34:17","slug":"prefeitura-de-ilheus-24","status":"publish","type":"post","link":"https:\/\/www.r2cpress.com.br\/v1\/2013\/09\/20\/prefeitura-de-ilheus-24\/","title":{"rendered":"Prefeitura de Ilh\u00e9us"},"content":{"rendered":"<p><center><strong>Prefeitura e Faculdade de Ilh\u00e9us fazem parceria na \u00e1rea da Sa\u00fade<br \/>\nEstudantes da rede municipal participam da 7\u00aa Primavera de Museus<br \/>\nTr\u00e2nsito na Avenida Itabuna est\u00e1 regularizado<br \/>\nSecret\u00e1rios estaduais participam de formatura do Pronatec em Ilh\u00e9us<\/strong><\/center><\/p>\n<p><!--more--><\/p>\n<p>***<\/p>\n<p><strong>Prefeitura e Faculdade de Ilh\u00e9us fazem parceria na \u00e1rea da Sa\u00fade<\/strong><\/p>\n<p><em><strong>O projeto de extens\u00e3o consiste em beneficiar uma comunidade do munic\u00edpio com atividades de promo\u00e7\u00e3o \u00e0 sa\u00fade, com a participa\u00e7\u00e3o de estudantes dos cursos de gradua\u00e7\u00e3o em Enfermagem, Nutri\u00e7\u00e3o, Odontologia e Psicologia.<\/strong><\/em><\/p>\n<p>A da Secretaria Municipal de Sa\u00fade (Sesau) e a Faculdade de Ilh\u00e9us estabeleceram parceria para executar de um projeto de extens\u00e3o interdisciplinar no setor de sa\u00fade, que ser\u00e1 promovido em uma comunidade do munic\u00edpio. A proposta vai integrar a equipe t\u00e9cnica da secretaria e os estudantes dos cursos de gradua\u00e7\u00e3o em Enfermagem, Nutri\u00e7\u00e3o, Odontologia e Psicologia.<\/p>\n<p>Inicialmente, o projeto vai inserir nas equipes da Sesauos estudantes dos cursos de Enfermagem e Nutri\u00e7\u00e3o, que j\u00e1 possuem turmas numa fase mais avan\u00e7ada com habilidades para prestar atendimento \u00e0 popula\u00e7\u00e3o. O secret\u00e1rio de Sa\u00fade, Jos\u00e9 AntonioOck\u00e9, ressalta que estes atendimentos ser\u00e3o supervisionados de forma permanente por docentes da Faculdade em articula\u00e7\u00e3o com os profissionais de sa\u00fade da unidade a ser escolhida para o projeto.<\/p>\n<p>A a\u00e7\u00e3o resulta do encontro do prefeito Jabes Ribeiro com os diretores da Faculdade de Ilh\u00e9us, Sandra Milanesi e Almir Milanesi, no final do m\u00eas de agosto, quando foi discutida uma maior aproxima\u00e7\u00e3o entre as duas institui\u00e7\u00f5es. Na tarde da quinta-feira, dia 19, uma nova reuni\u00e3o aconteceu entre os diretores da faculdade e o secret\u00e1rio interino da Sa\u00fade, Jos\u00e9 AntonioOck\u00e9, e a secret\u00e1ria de Educa\u00e7\u00e3o, Marl\u00facia Rocha, na sede da Sesau, para defini\u00e7\u00e3o de detalhes do projeto.<\/p>\n<p>Outro aspecto importante a ser destacado \u00e9 o compromisso da Faculdade de Ilh\u00e9us com a continuidade do projeto, mesmo em per\u00edodo de f\u00e9rias dos alunos, al\u00e9m da disponibiliza\u00e7\u00e3o de condi\u00e7\u00f5es, equipamentos b\u00e1sicos e materiais de consumo para que os atendimentos sejam realizados pelos acad\u00eamicos.<\/p>\n<p>Tamb\u00e9m participaram do encontro o coordenador do curso de Enfermagem da Faculdade de Ilh\u00e9us, Robson Vidal de Andrade, al\u00e9m de t\u00e9cnicos da Secretaria de Sa\u00fade, como o diretor Administrativo, Edvaldo Martins, a coordenadora da Aten\u00e7\u00e3o B\u00e1sica, B\u00e1rbara Christian Magalh\u00e3es, a superintendente t\u00e9cnica, Cristiane Bittencourt, e a diretora de Planejamento, Ana Carolina Lavigne Tavares.<\/p>\n<p><strong>Estudantes da rede municipal participam da 7\u00aa Primavera de Museus<\/strong><\/p>\n<p><em><strong>Os educandos que est\u00e3o tendo aulas participar\u00e3o da atividade extracurricular cujo objetivo \u00e9 ampliar os conhecimentos ministrados em sala de aula e possibilitar novas op\u00e7\u00f5es de entretenimento e cultura.<\/strong><\/em><\/p>\n<p>Estudantes da rede municipal de ensino de Ilh\u00e9us participam da 7\u00aa Primavera dos Museus, de 23 a 27 de setembro.  A Secretaria de Educa\u00e7\u00e3o (Seduc) elaborou um calend\u00e1rio de visitas aos museus da cidade, incluindo as unidades educacionais que est\u00e3o em funcionamento neste per\u00edodo de greve dos professores e servidores municipais. O objetivo da secretaria \u00e9 promover aos educandos atividades extracurriculares que ampliem os conhecimentos ministrados em sala de aula, bem como novas op\u00e7\u00f5es de entretenimento e cultura. <\/p>\n<p>A 7\u00aa Primavera dos Museus, promovido pela Rede de Museus e Pontos de Mem\u00f3ria do Sul da Bahia, tem inicio nesta segunda-feira, dia 23, e ocorre at\u00e9 o domingo (29\/09). Os estudantes v\u00e3o participar da palestra de abertura, \u00e0s 14 horas no Museu da Piedade e, entre a ter\u00e7a-feira, 24 a sexta-feira, 27, percorrer\u00e3o os museus da cidade, seguindo um calend\u00e1rio organizado pela Seduc.   <\/p>\n<p><strong>Tr\u00e2nsito na Avenida Itabuna est\u00e1 regularizado<\/strong><\/p>\n<p><em><strong>Na manh\u00e3 desta sexta-feira, dia 20, o tr\u00e1fego teve que ser interditado na avenida, no sentido Centro-Rodovi\u00e1ria, no per\u00edodo das 7 \u00e0s 10 horas.<\/strong><\/em><\/p>\n<p>A Superintend\u00eancia de Tr\u00e2nsito e Transportes de Ilh\u00e9us (Sutran) informa que os condutores de ve\u00edculos j\u00e1 podem transitar nos dois sentidos (Centro-Rodovi\u00e1ria e Rodovi\u00e1ria-Centro) da Avenida Itabuna. No entanto, o superintendente Eliezer Ribeiro, ressalta que o tr\u00e2nsito na via est\u00e1 sendo monitorado em virtude da obra da Coelba no local. Eliezer Ribeiro esclarece que na manh\u00e3 desta sexta-feira, dia 20, o tr\u00e1fego teve que ser interditado na avenida no per\u00edodo das 7 \u00e0s 10 horas. Segundo ele, era preciso retirar o excesso de \u00e1gua que estava entrando na galeria da obra e, para isso, a empresa precisou instalar o maquin\u00e1rio no centro da avenida. O tr\u00e2nsito foi liberado assim que a opera\u00e7\u00e3o foi conclu\u00edda. <\/p>\n<p><strong>Secret\u00e1rios estaduais participam de formatura do Pronatec em Ilh\u00e9us<\/strong><\/p>\n<p><strong><em>Os titulares das pastas de turismo, Domingos Leonelli, e de Desenvolvimento Social e Combate \u00e0 Pobreza, Moema Gramacho, representam o governo da Bahia, na cerim\u00f4nia de certifica\u00e7\u00e3o dos 300 formandos do programa nacional.<\/em><\/strong><\/p>\n<p>A primeira cerim\u00f4nia de formatura das turmas do Programa Nacional de Acesso ao Ensino T\u00e9cnico e Emprego (Pronatec), iniciadas no primeiro semestre de 2013, em Ilh\u00e9us, vai contar com a participa\u00e7\u00e3o dos titulares das pastas de Turismo, Domingos Leonelli, e de Desenvolvimento Social e Combate \u00e0 Pobreza, Moema Gramacho, que representar\u00e3o o governo do Estado. A solenidade que tamb\u00e9m vai contar com a presen\u00e7a de deputados federais e estaduais, est\u00e1 marcada para a pr\u00f3xima segunda-feira, dia, 23, no Centro de Conven\u00e7\u00f5es Luis Eduardo Magalh\u00e3es, a partir das 19 horas.<\/p>\n<p>No evento, promovido pela Prefeitura de Ilh\u00e9us, atrav\u00e9s da Secretaria Municipal de Desenvolvimento Social (SDS), receber\u00e3o o certificado cerca de 300 estudantes dos munic\u00edpios de Ilh\u00e9us e de Itabuna. S\u00e3o formandos dos cursos de auxiliar de fiscaliza\u00e7\u00e3o ambiental, assistente de planejamento e controle de produ\u00e7\u00e3o, assistente de opera\u00e7\u00e3o de log\u00edstica portu\u00e1ria, auxiliar administrativo, agente de alimenta\u00e7\u00e3o escolar, camareira em meios de hospedagem, fot\u00f3grafo, montador e operador de computador e Ingl\u00eas e espanhol aplicado a servi\u00e7os tur\u00edsticos. O evento contar\u00e1 tamb\u00e9m com a palestra magna da Aula Inaugural para os alunos das turmas do segundo semestre do ano.<\/p>\n<p>O secret\u00e1rio da SDS, Jamil Ock\u00e9, observa que o curso \u00e9 uma qualifica\u00e7\u00e3o a mais na forma\u00e7\u00e3o profissional do jovem. \u201c\u00c9 preciso valorizar e incentivar o esfor\u00e7o do aluno que teve dedica\u00e7\u00e3o e compromisso com o curso\u201d, enfatiza. Conforme explica Ock\u00e9, o objetivo do Pronatec \u00e9 qualificar, capacitar e requalificar jovens e adultos, que t\u00eam o ensino fundamental e m\u00e9dio, ampliando e criando novas oportunidades no mercado de trabalho. \u201cA partir desta qualifica\u00e7\u00e3o os alunos ter\u00e3o reais condi\u00e7\u00f5es de competirem por vagas nos novos empreendimentos que ser\u00e3o instalados no munic\u00edpio e tamb\u00e9m em todos os setores como a ind\u00fastria e o com\u00e9rcio\u201d, ressalta.<\/p>\n<p>O programa oferece turmas de forma\u00e7\u00e3o inicial e continuada com dura\u00e7\u00e3o de no m\u00ednimo 160 horas. Alguns destes cursos s\u00e3o realizados em parceria com estabelecimentos autorizados como Senai, Senac, Senate institui\u00e7\u00f5es federais. Cada aluno recebe uma bolsa-aux\u00edlio, que pode variar entre R$ 8,00 e R$ 10,00 di\u00e1rios para despesas com transporte e lanche, entregues a cada 15 dias para quem frequenta assiduamente as aulas.<\/p>\n<p>&#8212;<br \/>\nSecretaria de Comunica\u00e7\u00e3o Social (Secom)<br \/>\nIlh\u00e9us \u2013 20.09.2013<\/p>\n","protected":false},"excerpt":{"rendered":"<p>Prefeitura e Faculdade de Ilh\u00e9us fazem parceria na \u00e1rea da Sa\u00fade Estudantes da rede municipal participam da 7\u00aa Primavera de Museus Tr\u00e2nsito na Avenida Itabuna est\u00e1 regularizado Secret\u00e1rios estaduais participam de formatura do Pronatec em Ilh\u00e9us<\/p>\n","protected":false},"author":2,"featured_media":0,"comment_status":"open","ping_status":"open","sticky":false,"template":"","format":"standard","meta":{"_links_to":"","_links_to_target":""},"categories":[23],"tags":[],"_links":{"self":[{"href":"https:\/\/www.r2cpress.com.br\/v1\/wp-json\/wp\/v2\/posts\/72298"}],"collection":[{"href":"https:\/\/www.r2cpress.com.br\/v1\/wp-json\/wp\/v2\/posts"}],"about":[{"href":"https:\/\/www.r2cpress.com.br\/v1\/wp-json\/wp\/v2\/types\/post"}],"author":[{"embeddable":true,"href":"https:\/\/www.r2cpress.com.br\/v1\/wp-json\/wp\/v2\/users\/2"}],"replies":[{"embeddable":true,"href":"https:\/\/www.r2cpress.com.br\/v1\/wp-json\/wp\/v2\/comments?post=72298"}],"version-history":[{"count":3,"href":"https:\/\/www.r2cpress.com.br\/v1\/wp-json\/wp\/v2\/posts\/72298\/revisions"}],"predecessor-version":[{"id":72301,"href":"https:\/\/www.r2cpress.com.br\/v1\/wp-json\/wp\/v2\/posts\/72298\/revisions\/72301"}],"wp:attachment":[{"href":"https:\/\/www.r2cpress.com.br\/v1\/wp-json\/wp\/v2\/media?parent=72298"}],"wp:term":[{"taxonomy":"category","embeddable":true,"href":"https:\/\/www.r2cpress.com.br\/v1\/wp-json\/wp\/v2\/categories?post=72298"},{"taxonomy":"post_tag","embeddable":true,"href":"https:\/\/www.r2cpress.com.br\/v1\/wp-json\/wp\/v2\/tags?post=72298"}],"curies":[{"name":"wp","href":"https:\/\/api.w.org\/{rel}","templated":true}]}}