{"id":72302,"date":"2013-09-20T14:49:27","date_gmt":"2013-09-20T17:49:27","guid":{"rendered":"http:\/\/www.r2cpress.com.br\/v1\/?p=72302"},"modified":"2013-09-20T14:50:19","modified_gmt":"2013-09-20T17:50:19","slug":"tirando-a-placa-vila-sao-lazaro","status":"publish","type":"post","link":"https:\/\/www.r2cpress.com.br\/v1\/2013\/09\/20\/tirando-a-placa-vila-sao-lazaro\/","title":{"rendered":"Tirando a Placa vila S\u00e3o L\u00e1zaro"},"content":{"rendered":"<p>Segundo funcion\u00e1rio da embasa, quero foram flagrado tirando a placa que indica  a vila s\u00e3o l\u00e1zaro, naquela localidade, os mesmo disseram quem, os mandantes foi: Z\u00e9 Lavigne diretor da embasa de Ilh\u00e9us e o engenheiro Humberto.<br \/>\n<center><a href=\"http:\/\/www.r2cpress.com.br\/v1\/wp-content\/uploads\/embasa-retira-placa.jpg\"><img loading=\"lazy\" src=\"http:\/\/www.r2cpress.com.br\/v1\/wp-content\/uploads\/embasa-retira-placa.jpg\" alt=\"embasa retira placa\" width=\"600\" height=\"450\" class=\"aligncenter size-full wp-image-72303\" srcset=\"https:\/\/www.r2cpress.com.br\/v1\/wp-content\/uploads\/embasa-retira-placa.jpg 600w, https:\/\/www.r2cpress.com.br\/v1\/wp-content\/uploads\/embasa-retira-placa-300x225.jpg 300w\" sizes=\"(max-width: 600px) 100vw, 600px\" \/><\/a><a href=\"http:\/\/www.r2cpress.com.br\/v1\/wp-content\/uploads\/embasa-retira-placa2.jpg\"><img loading=\"lazy\" src=\"http:\/\/www.r2cpress.com.br\/v1\/wp-content\/uploads\/embasa-retira-placa2.jpg\" alt=\"embasa retira placa2\" width=\"600\" height=\"450\" class=\"aligncenter size-full wp-image-72304\" srcset=\"https:\/\/www.r2cpress.com.br\/v1\/wp-content\/uploads\/embasa-retira-placa2.jpg 600w, https:\/\/www.r2cpress.com.br\/v1\/wp-content\/uploads\/embasa-retira-placa2-300x225.jpg 300w\" sizes=\"(max-width: 600px) 100vw, 600px\" \/><\/a><a href=\"http:\/\/www.r2cpress.com.br\/v1\/wp-content\/uploads\/embasa-retira-placa3.jpg\"><img loading=\"lazy\" src=\"http:\/\/www.r2cpress.com.br\/v1\/wp-content\/uploads\/embasa-retira-placa3.jpg\" alt=\"embasa retira placa3\" width=\"600\" height=\"450\" class=\"aligncenter size-full wp-image-72305\" srcset=\"https:\/\/www.r2cpress.com.br\/v1\/wp-content\/uploads\/embasa-retira-placa3.jpg 600w, https:\/\/www.r2cpress.com.br\/v1\/wp-content\/uploads\/embasa-retira-placa3-300x225.jpg 300w\" sizes=\"(max-width: 600px) 100vw, 600px\" \/><\/a><\/center><br \/>\nE que deixaram os moradores daquela localidade, revoltados pela atitude irrespons\u00e1vel, dos respons\u00e1vel pela empresa acima citada. E que a placa n\u00e3o estava dentro do pertence da embasa. Os moradores ainda, est\u00e3o se mobilizando para parar a rodovia Ilh\u00e9us-Itabuna em protesto atitude dos respons\u00e1vel pela embasa. <\/p>\n<p>&#8212;<br \/>\n<b><center> ESPA\u00c7O ABERTO PARA A DIRE\u00c7\u00c3O DA EMBASA &#8211; QUERENDO &#8211; SE MANIFESTAR.<\/center><\/b><\/p>\n","protected":false},"excerpt":{"rendered":"<p>Segundo funcion\u00e1rio da embasa, quero foram flagrado tirando a placa que indica a vila s\u00e3o l\u00e1zaro, naquela localidade, os mesmo disseram quem, os mandantes foi: Z\u00e9 Lavigne diretor da embasa de Ilh\u00e9us e o engenheiro Humberto. E que deixaram os moradores daquela localidade, revoltados pela atitude irrespons\u00e1vel, dos respons\u00e1vel pela empresa acima citada. E que [&hellip;]<\/p>\n","protected":false},"author":2,"featured_media":0,"comment_status":"open","ping_status":"open","sticky":false,"template":"","format":"standard","meta":{"_links_to":"","_links_to_target":""},"categories":[10],"tags":[],"_links":{"self":[{"href":"https:\/\/www.r2cpress.com.br\/v1\/wp-json\/wp\/v2\/posts\/72302"}],"collection":[{"href":"https:\/\/www.r2cpress.com.br\/v1\/wp-json\/wp\/v2\/posts"}],"about":[{"href":"https:\/\/www.r2cpress.com.br\/v1\/wp-json\/wp\/v2\/types\/post"}],"author":[{"embeddable":true,"href":"https:\/\/www.r2cpress.com.br\/v1\/wp-json\/wp\/v2\/users\/2"}],"replies":[{"embeddable":true,"href":"https:\/\/www.r2cpress.com.br\/v1\/wp-json\/wp\/v2\/comments?post=72302"}],"version-history":[{"count":3,"href":"https:\/\/www.r2cpress.com.br\/v1\/wp-json\/wp\/v2\/posts\/72302\/revisions"}],"predecessor-version":[{"id":72308,"href":"https:\/\/www.r2cpress.com.br\/v1\/wp-json\/wp\/v2\/posts\/72302\/revisions\/72308"}],"wp:attachment":[{"href":"https:\/\/www.r2cpress.com.br\/v1\/wp-json\/wp\/v2\/media?parent=72302"}],"wp:term":[{"taxonomy":"category","embeddable":true,"href":"https:\/\/www.r2cpress.com.br\/v1\/wp-json\/wp\/v2\/categories?post=72302"},{"taxonomy":"post_tag","embeddable":true,"href":"https:\/\/www.r2cpress.com.br\/v1\/wp-json\/wp\/v2\/tags?post=72302"}],"curies":[{"name":"wp","href":"https:\/\/api.w.org\/{rel}","templated":true}]}}