{"id":72316,"date":"2013-09-20T19:02:48","date_gmt":"2013-09-20T22:02:48","guid":{"rendered":"http:\/\/www.r2cpress.com.br\/v1\/?p=72316"},"modified":"2013-09-20T19:02:48","modified_gmt":"2013-09-20T22:02:48","slug":"para-jabes-ribeiro-ufsba-integra-processo-de-reconstrucao-da-regiao","status":"publish","type":"post","link":"https:\/\/www.r2cpress.com.br\/v1\/2013\/09\/20\/para-jabes-ribeiro-ufsba-integra-processo-de-reconstrucao-da-regiao\/","title":{"rendered":"Para Jabes Ribeiro, Ufsba integra processo de reconstru\u00e7\u00e3o da regi\u00e3o"},"content":{"rendered":"<p><em><strong>\u201cA universidade integra o conjunto de obras e investimentos na nossa regi\u00e3o, como a duplica\u00e7\u00e3o da BR 415, a implanta\u00e7\u00e3o do Porto Sul e a constru\u00e7\u00e3o do novo aeroporto, mostrando que estamos avan\u00e7ando no sentido da recupera\u00e7\u00e3o econ\u00f4mica, social e cultural\u201d.<\/strong><\/em><\/p>\n<p>O prefeito de Ilh\u00e9us, Jabes Ribeiro, destacou a import\u00e2ncia da Universidade Federal do Sul da Bahia (Ufsba), para o desenvolvimento da regi\u00e3o, durante a solenidade de implanta\u00e7\u00e3o da institui\u00e7\u00e3o, na tarde desta sexta-feira, dia 20, em Itabuna. \u201cA universidade integra o conjunto de obras e investimentos na nossa regi\u00e3o, como a duplica\u00e7\u00e3o da BR 415, a implanta\u00e7\u00e3o do Porto Sul e a constru\u00e7\u00e3o do novo aeroporto, mostrando que estamos avan\u00e7ando no sentido da recupera\u00e7\u00e3o econ\u00f4mica, social e cultural\u201d, afirma o prefeito de Ilh\u00e9us.<\/p>\n<p>Jabes Riberio parabenizou o governador Jaques Wagner e o prefeito de Itabuna, Vane do Renascer, pela implanta\u00e7\u00e3o da Ufsba, lembrando que Ilh\u00e9us tamb\u00e9m ser\u00e1 contemplado com um col\u00e9gio universit\u00e1rio da institui\u00e7\u00e3o. A cerim\u00f4nia contou com a presen\u00e7a das reitoras das universidades Federal da Bahia (UFBA), Dora Leal, e Estadual de Santa Cruz (UESC), Ad\u00e9lia Pinheiro, al\u00e9m dos professores que ir\u00e3o compor o conselho universit\u00e1rio da nova institui\u00e7\u00e3o p\u00fablica de ensino superior do Estado, como o reitor pro tempore, Naomar Almeida.<\/p>\n<p>Tamb\u00e9m estavam presentes na solenidade, secret\u00e1rios estaduais, prefeitos de munic\u00edpios da regi\u00e3o sul baiana, a senadora L\u00eddice da Mata (PSB), o presidente da Assembleia Legislativa da Bahia, Marcelo Nilo (PDT), al\u00e9m de deputados federais e estaduais.  <\/p>\n<p>Em uma conversa r\u00e1pida com o governador Jaques Wagner, o prefeito Jabes Ribeiro, conversou sobre o andamento de obras importantes que est\u00e3o em fase de execu\u00e7\u00e3o em Ilh\u00e9us, e ressaltou que o munic\u00edpio j\u00e1 est\u00e1 aplicando os recursos destinados pelo governo Federal em a\u00e7\u00f5es de infraestrutura urbana. \u201cEstamos fazendo conten\u00e7\u00e3o de encostas, sistemas de drenagem e vamos iniciar a recupera\u00e7\u00e3o de pra\u00e7as, quadras poliesportivas e canteiros centrais\u201d, pontuou o prefeito. <\/p>\n<p>&#8212;<br \/>\nAI\/PMI<\/p>\n","protected":false},"excerpt":{"rendered":"<p>\u201cA universidade integra o conjunto de obras e investimentos na nossa regi\u00e3o, como a duplica\u00e7\u00e3o da BR 415, a implanta\u00e7\u00e3o do Porto Sul e a constru\u00e7\u00e3o do novo aeroporto, mostrando que estamos avan\u00e7ando no sentido da recupera\u00e7\u00e3o econ\u00f4mica, social e cultural\u201d. O prefeito de Ilh\u00e9us, Jabes Ribeiro, destacou a import\u00e2ncia da Universidade Federal do Sul [&hellip;]<\/p>\n","protected":false},"author":2,"featured_media":0,"comment_status":"open","ping_status":"open","sticky":false,"template":"","format":"standard","meta":{"_links_to":"","_links_to_target":""},"categories":[23],"tags":[],"_links":{"self":[{"href":"https:\/\/www.r2cpress.com.br\/v1\/wp-json\/wp\/v2\/posts\/72316"}],"collection":[{"href":"https:\/\/www.r2cpress.com.br\/v1\/wp-json\/wp\/v2\/posts"}],"about":[{"href":"https:\/\/www.r2cpress.com.br\/v1\/wp-json\/wp\/v2\/types\/post"}],"author":[{"embeddable":true,"href":"https:\/\/www.r2cpress.com.br\/v1\/wp-json\/wp\/v2\/users\/2"}],"replies":[{"embeddable":true,"href":"https:\/\/www.r2cpress.com.br\/v1\/wp-json\/wp\/v2\/comments?post=72316"}],"version-history":[{"count":2,"href":"https:\/\/www.r2cpress.com.br\/v1\/wp-json\/wp\/v2\/posts\/72316\/revisions"}],"predecessor-version":[{"id":72318,"href":"https:\/\/www.r2cpress.com.br\/v1\/wp-json\/wp\/v2\/posts\/72316\/revisions\/72318"}],"wp:attachment":[{"href":"https:\/\/www.r2cpress.com.br\/v1\/wp-json\/wp\/v2\/media?parent=72316"}],"wp:term":[{"taxonomy":"category","embeddable":true,"href":"https:\/\/www.r2cpress.com.br\/v1\/wp-json\/wp\/v2\/categories?post=72316"},{"taxonomy":"post_tag","embeddable":true,"href":"https:\/\/www.r2cpress.com.br\/v1\/wp-json\/wp\/v2\/tags?post=72316"}],"curies":[{"name":"wp","href":"https:\/\/api.w.org\/{rel}","templated":true}]}}