{"id":72319,"date":"2013-09-20T19:16:23","date_gmt":"2013-09-20T22:16:23","guid":{"rendered":"http:\/\/www.r2cpress.com.br\/v1\/?p=72319"},"modified":"2013-09-20T19:16:23","modified_gmt":"2013-09-20T22:16:23","slug":"cdl-de-ilheus-completa-39-anos-e-esta-em-novo-endereco","status":"publish","type":"post","link":"https:\/\/www.r2cpress.com.br\/v1\/2013\/09\/20\/cdl-de-ilheus-completa-39-anos-e-esta-em-novo-endereco\/","title":{"rendered":"CDL de Ilh\u00e9us completa 39 anos e est\u00e1 em novo endere\u00e7o"},"content":{"rendered":"<p>A C\u00e2mara de Dirigentes Lojistas de Ilh\u00e9us completou nesta sexta-feira (20.09), 39 anos e est\u00e1 funcionando em nova sede. Os servi\u00e7os de consulta ao SPC e SERASA e o atendimento ao p\u00fablico em geral est\u00e3o sendo feitos na Pra\u00e7a Rui Barbosa, n\u00ba 155, no Centro da cidade. \u201cO local \u00e9 bem pertinho do antigo, mas muito mais amplo, oferecendo melhores condi\u00e7\u00f5es de trabalho para funcion\u00e1rios e diretores, al\u00e9m de mais conforto e acessibilidade para associados e para a popula\u00e7\u00e3o\u201d, explicou Paulo Ganem, presidente da entidade, expressando muita alegria com mais essa conquista.<\/p>\n<div id=\"attachment_72321\" style=\"width: 610px\" class=\"wp-caption aligncenter\"><a href=\"http:\/\/www.r2cpress.com.br\/v1\/wp-content\/uploads\/Diretoria-conhecendo-as-novas-instala\u00e7\u00f5es.jpg\"><img aria-describedby=\"caption-attachment-72321\" loading=\"lazy\" class=\"size-full wp-image-72321\" alt=\"Diretoria conhecendo as novas instala\u00e7\u00f5es.\" src=\"http:\/\/www.r2cpress.com.br\/v1\/wp-content\/uploads\/Diretoria-conhecendo-as-novas-instala\u00e7\u00f5es.jpg\" width=\"600\" height=\"386\" srcset=\"https:\/\/www.r2cpress.com.br\/v1\/wp-content\/uploads\/Diretoria-conhecendo-as-novas-instala\u00e7\u00f5es.jpg 600w, https:\/\/www.r2cpress.com.br\/v1\/wp-content\/uploads\/Diretoria-conhecendo-as-novas-instala\u00e7\u00f5es-300x193.jpg 300w\" sizes=\"(max-width: 600px) 100vw, 600px\" \/><\/a><p id=\"caption-attachment-72321\" class=\"wp-caption-text\">Diretoria conhecendo as novas instala\u00e7\u00f5es.<\/p><\/div>\n<p>Ainda de acordo com Paulo, este tamb\u00e9m ser\u00e1 um espa\u00e7o provis\u00f3rio at\u00e9 que a CDL de Ilh\u00e9us consiga realizar um antigo sonho de ter a sede pr\u00f3pria. \u201cPrecisamos avan\u00e7ar nesta quest\u00e3o e vamos lutar por isso. Uma entidade s\u00e9ria, respeitada como a nossa, que completou 39 anos, precisa sair do aluguel e ter uma sede pr\u00f3pria com salas de reuni\u00f5es, audit\u00f3rios para realiza\u00e7\u00e3o de palestras, cursos de capacita\u00e7\u00e3o e qualifica\u00e7\u00e3o, workshops e tantas outras a\u00e7\u00f5es que poderemos desenvolver com comerciantes e comerci\u00e1rios. J\u00e1 temos um projeto arquitet\u00f4nico da nossa sede e pretendemos fazer nas Cabanas dos Mirantes, no Alto Cear\u00e1, mas para isso precisamos conseguir com a Prefeitura Municipal a renova\u00e7\u00e3o do contrato de concess\u00e3o para iniciarmos uma campanha com este fim\u201d, concluiu Paulo.<\/p>\n<div id=\"attachment_72322\" style=\"width: 610px\" class=\"wp-caption aligncenter\"><a href=\"http:\/\/www.r2cpress.com.br\/v1\/wp-content\/uploads\/Diretoria-reunida-na-nova-sede.jpg\"><img aria-describedby=\"caption-attachment-72322\" loading=\"lazy\" class=\"size-full wp-image-72322\" alt=\"Diretoria reunida na nova sede\" src=\"http:\/\/www.r2cpress.com.br\/v1\/wp-content\/uploads\/Diretoria-reunida-na-nova-sede.jpg\" width=\"600\" height=\"400\" srcset=\"https:\/\/www.r2cpress.com.br\/v1\/wp-content\/uploads\/Diretoria-reunida-na-nova-sede.jpg 600w, https:\/\/www.r2cpress.com.br\/v1\/wp-content\/uploads\/Diretoria-reunida-na-nova-sede-300x200.jpg 300w\" sizes=\"(max-width: 600px) 100vw, 600px\" \/><\/a><p id=\"caption-attachment-72322\" class=\"wp-caption-text\">Diretoria reunida na nova sede<\/p><\/div>\n<p>O anivers\u00e1rio da entidade e a primeira reuni\u00e3o de diretoria na nova sede foram marcados com um jantar especial de confraterniza\u00e7\u00e3o. Participaram ainda da reuni\u00e3o o vice-prefeito e secret\u00e1rio de Ind\u00fastria e Com\u00e9rcio de Ilh\u00e9us, Carlos Machado (Cac\u00e1) e assessores.<\/p>\n<div id=\"attachment_72323\" style=\"width: 465px\" class=\"wp-caption aligncenter\"><a href=\"http:\/\/www.r2cpress.com.br\/v1\/wp-content\/uploads\/Nova-Sede-CDL.jpg\"><img aria-describedby=\"caption-attachment-72323\" loading=\"lazy\" class=\"size-full wp-image-72323\" alt=\"Nova Sede \" src=\"http:\/\/www.r2cpress.com.br\/v1\/wp-content\/uploads\/Nova-Sede-CDL.jpg\" width=\"455\" height=\"600\" srcset=\"https:\/\/www.r2cpress.com.br\/v1\/wp-content\/uploads\/Nova-Sede-CDL.jpg 455w, https:\/\/www.r2cpress.com.br\/v1\/wp-content\/uploads\/Nova-Sede-CDL-227x300.jpg 227w\" sizes=\"(max-width: 455px) 100vw, 455px\" \/><\/a><p id=\"caption-attachment-72323\" class=\"wp-caption-text\">Nova Sede<\/p><\/div>\n<p>A CDL de Ilh\u00e9us fica aberta das 8h \u00e0s 18h. Mais informa\u00e7\u00f5es pelo 3084-4881 ou pelo site <span style=\"text-decoration: underline;\">www.cdlilheus.com.br.<\/span><\/p>\n","protected":false},"excerpt":{"rendered":"<p>A C\u00e2mara de Dirigentes Lojistas de Ilh\u00e9us completou nesta sexta-feira (20.09), 39 anos e est\u00e1 funcionando em nova sede. Os servi\u00e7os de consulta ao SPC e SERASA e o atendimento ao p\u00fablico em geral est\u00e3o sendo feitos na Pra\u00e7a Rui Barbosa, n\u00ba 155, no Centro da cidade. \u201cO local \u00e9 bem pertinho do antigo, mas [&hellip;]<\/p>\n","protected":false},"author":2,"featured_media":0,"comment_status":"open","ping_status":"open","sticky":false,"template":"","format":"standard","meta":{"_links_to":"","_links_to_target":""},"categories":[19],"tags":[],"_links":{"self":[{"href":"https:\/\/www.r2cpress.com.br\/v1\/wp-json\/wp\/v2\/posts\/72319"}],"collection":[{"href":"https:\/\/www.r2cpress.com.br\/v1\/wp-json\/wp\/v2\/posts"}],"about":[{"href":"https:\/\/www.r2cpress.com.br\/v1\/wp-json\/wp\/v2\/types\/post"}],"author":[{"embeddable":true,"href":"https:\/\/www.r2cpress.com.br\/v1\/wp-json\/wp\/v2\/users\/2"}],"replies":[{"embeddable":true,"href":"https:\/\/www.r2cpress.com.br\/v1\/wp-json\/wp\/v2\/comments?post=72319"}],"version-history":[{"count":4,"href":"https:\/\/www.r2cpress.com.br\/v1\/wp-json\/wp\/v2\/posts\/72319\/revisions"}],"predecessor-version":[{"id":72326,"href":"https:\/\/www.r2cpress.com.br\/v1\/wp-json\/wp\/v2\/posts\/72319\/revisions\/72326"}],"wp:attachment":[{"href":"https:\/\/www.r2cpress.com.br\/v1\/wp-json\/wp\/v2\/media?parent=72319"}],"wp:term":[{"taxonomy":"category","embeddable":true,"href":"https:\/\/www.r2cpress.com.br\/v1\/wp-json\/wp\/v2\/categories?post=72319"},{"taxonomy":"post_tag","embeddable":true,"href":"https:\/\/www.r2cpress.com.br\/v1\/wp-json\/wp\/v2\/tags?post=72319"}],"curies":[{"name":"wp","href":"https:\/\/api.w.org\/{rel}","templated":true}]}}