{"id":72352,"date":"2013-09-21T09:24:43","date_gmt":"2013-09-21T12:24:43","guid":{"rendered":"http:\/\/www.r2cpress.com.br\/v1\/?p=72352"},"modified":"2013-09-21T09:24:43","modified_gmt":"2013-09-21T12:24:43","slug":"psicomundo-faltam-profissionalismo-e-maturidade-nos-servicos-publicos","status":"publish","type":"post","link":"https:\/\/www.r2cpress.com.br\/v1\/2013\/09\/21\/psicomundo-faltam-profissionalismo-e-maturidade-nos-servicos-publicos\/","title":{"rendered":"PSICOMUNDO &#8211; FALTAM PROFISSIONALISMO E MATURIDADE NOS SERVI\u00c7OS P\u00daBLICOS"},"content":{"rendered":"<p><img loading=\"lazy\" class=\"alignleft\" alt=\"\" src=\"http:\/\/www.r2cpress.com.br\/v1\/wp-content\/uploads\/eduardo-afondo-cortado_150.jpg\" width=\"150\" height=\"154\" \/>A cidade de Ilh\u00e9us vive momentos de euforia e estamos passando por aquela onda do faz de contas, muita conversa de pol\u00edticos de plant\u00e3o estacionando suas carruagens de moedas falsas, querendo salvar a nossa cidade desse marasmo, mergulhada ainda diante de tantos desencontros de p\u00e9ssimas administra\u00e7\u00f5es! Felizmente estamos vivenciando a\u00e7\u00f5es de consertos em ruas e avenidas, at\u00e9 com remendos grosseiros, o que chamamos de falta de acabamento com pouca qualidade dando outra vida aos seus visitantes e moradores.<\/p>\n<p>Agora, o tr\u00e2nsito de Ilh\u00e9us \u00e9 um verdadeiro atentado \u00e0s vidas humanas que transitam por nossa cidade! N\u00e3o sabemos onde est\u00e3o localizados aqueles contingentes de agentes de transito que estavam pelas ruas e tentavam organizar a bagun\u00e7a que alguns motoristas de autom\u00f3veis e motoqueiros fazem! Estamos no salvem-se quem puder!<\/p>\n<p>Temos observado as execu\u00e7\u00f5es de obras que s\u00e3o imediatamente destru\u00eddas por causa das irregulares qualidades dos servi\u00e7os, materiais de p\u00e9ssimas proced\u00eancias sendo utilizados e pessoas pouco preparadas, n\u00e3o \u00e9 mole mesmo. Resumindo: \u00e9 dinheiro perdido e um mont\u00e3o de coisas que v\u00e3o para o monturo! Ent\u00e3o, perguntamos se essas obras est\u00e3o sendo organizadas e revistadas por engenheiros contratados pela prefeitura de Ilh\u00e9us?<\/p>\n<p>N\u00e3o queremos dizer que jamais poder\u00e1 haver uma nova trajet\u00f3ria que traga a nossa cidade a uma vida melhor. Basta ent\u00e3o pedir que as coisas sejam executadas por profissionais com inteira capacidade de resolver essas calamidades que j\u00e1 se tornaram rotinas, que h\u00e1 muito vem contrariando e tirando a paci\u00eancia dos seus mun\u00edcipes. Est\u00e3o \u00e0s vistas de todos os remendos das pavimenta\u00e7\u00f5es de asfalto das ruas, avenidas e bairros, ser\u00e1 que n\u00e3o faltam melhores qualidades nesses servi\u00e7os que t\u00eam custos sacrificados pela aus\u00eancia de recursos or\u00e7ament\u00e1rios?<\/p>\n<p>O profissionalismo e a maturidade na gest\u00e3o p\u00fablica devem ser bem direcionados at\u00e9 os pol\u00edticos que s\u00f3 querem administrar para eles! Passa ano, chega novo ano e quantos prefeitos, vereadores, deputados e senadores, governadores, presidentes, querendo a continuidade dos seus cargos pol\u00edticos?<\/p>\n<p><!--more--><\/p>\n<p>O certo \u00e9 que as pessoas em nossa comunidade perderam a for\u00e7a da palavra e quando expressam seus sentimentos na busca da prosperidade e manuten\u00e7\u00e3o da honra, cobram melhorias em beneficio de sua comunidade, precisam ser ouvidas. E nada melhor do que o poder p\u00fablico ouvir, analisar e medir as opini\u00f5es da sua popula\u00e7\u00e3o, e claro, aqueles que est\u00e3o levando Ilh\u00e9us a s\u00e9rio.<\/p>\n<p>\u00c9 a aus\u00eancia da maturidade traduzida pela falta de interesse, inexist\u00eancia da qualidade de trabalho e profissionalismo dos nossos homens p\u00fablicos, que desconhecem o poder medido pela autocr\u00edtica, fugindo da capacidade de criticar a si pr\u00f3prio, e quando recebem criticas sobre suas obras, se revoltam em desesperos, perdem a qualidade moral e descem deslizando em baixos n\u00edveis, e somente assim conseguem mostrar que est\u00e3o atuantes em seus cargos.<\/p>\n<p>De toda a pessoa que ocupa chefia deve desprender-se uma impress\u00e3o de serenidade que d\u00ea aos que o cerca um sentimento de seguran\u00e7a. Assim deveriam ser os homens de forma geral que administram nosso Pa\u00eds e andar de cabe\u00e7a erguida pelo cumprimento do dever diante da confian\u00e7a que lhe \u00e9 depositada, deixando de ser algozes dos seus comportamentos, causando-lhes malfadados desequil\u00edbrios pela perda s\u00fabita e breve da sua consci\u00eancia, negligenciando at\u00e9 o desvelo pela sua pr\u00f3pria dignidade. <b>E nesse caso a paci\u00eancia, a humildade e a vontade de buscar as r\u00e9deas do dever cumprido s\u00e3o muito importantes. <\/b><\/p>\n<p><b>N\u00e3o h\u00e1 ordem sem a demonstra\u00e7\u00e3o da paci\u00eancia.<\/b> A calma d\u00e1 imediatamente a impress\u00e3o duma vontade que sabe o que quer e que n\u00e3o se deixar\u00e1 desviar do seu intento. Um pensamento ausente e um olhar perdido bastam para inspirar uma esp\u00e9cie de inseguran\u00e7a aos insubmissos, assim se sentem ent\u00e3o por instinto que n\u00e3o ter\u00e3o a \u00faltima palavra.<\/p>\n<p>E o que reside nas decis\u00f5es pol\u00edticas de Ilh\u00e9us \u00e9 a d\u00favida do poder de mando, e tudo pode ser projetado sem desaven\u00e7as, apenas oferecendo uma dire\u00e7\u00e3o equilibrada e que todos que representam a administra\u00e7\u00e3o p\u00fablica, entendam o anseio da nossa popula\u00e7\u00e3o que continua merecendo o devido respeito, emanado pela espera do trabalho e dedica\u00e7\u00e3o para mudar tantas mazelas que somente nos faz mal, e vive denegrindo a imagem do munic\u00edpio de Ilh\u00e9us.<\/p>\n<p>A popula\u00e7\u00e3o brasileira precisa olhar nos olhos dos pol\u00edticos que prometem tudo e nada fazem. Afirmam que v\u00e3o duplicar estradas e elas n\u00e3o saem da palavra empenhada apenas para colher votos, proporcionando as in\u00fameras crateras, quebrando ve\u00edculos e at\u00e9 acidentando pessoas, como \u00e9 o caso dos enormes buracos espalhados pela cidade ao c\u00e9u aberto sem prote\u00e7\u00e3o para os pedestres! Continuam dizendo que v\u00e3o construir pontes, e o que mais o povo espera \u00e9 qualidade nos servi\u00e7os p\u00fablicos, a fim de que as pessoas n\u00e3o estejam sempre ancoradas a ver navios nos portos das ilus\u00f5es!<\/p>\n<p>Quanto dinheiro \u00e9 gasto em propagandas que s\u00f3 fazem demonstrar mais uma agenda de engodos e deslealdades com os seus eleitores? Devemos escolher pol\u00edticos s\u00e9rios, din\u00e2micos, trabalhadores, numa observa\u00e7\u00e3o de que um chefe n\u00e3o sabe o que \u00e9 medo, ou, se sabe, toda a gente deve ignor\u00e1-lo.<\/p>\n<p>Ficamos diante de tantos artistas da pol\u00edtica querendo mais oportunidades e nada fizeram anteriormente, e assim ficando muito dif\u00edcil de saber quem s\u00e3o os s\u00e9rios homens p\u00fablicos e quais s\u00e3o os talentosos que est\u00e3o em todas as elei\u00e7\u00f5es ludibriando a popula\u00e7\u00e3o brasileira.<\/p>\n<p>\u00c9 preciso que os brasileiros tenham muita aten\u00e7\u00e3o, bom senso e intelig\u00eancia! Chegou o tempo do exterm\u00ednio dessa classe que nada representaram e n\u00e3o efetivaram suas promessas. Nos seus discursos relatam assuntos sobre suas vision\u00e1rias lutas, fomentam suas falsas embroma\u00e7\u00f5es e andam dizendo que v\u00e3o trazer grande progresso ao seu Pa\u00eds. Sabem que nunca trar\u00e3o benef\u00edcios \u00e0 sua cidade, pois perdeu a consci\u00eancia que se encontra aliada com a sua insanidade mental de falso profeta, desconhecendo que devem sair de fininho. Mas vai ser muito dif\u00edcil porque tem muitos deles com a cara de pau e v\u00e3o continuar sempre enganando.\u00a0 PENSEM NISSO!!!<\/p>\n<p>Eduardo Afonso \u2013 Ilh\u00e9us-Bahia<\/p>\n","protected":false},"excerpt":{"rendered":"<p>A cidade de Ilh\u00e9us vive momentos de euforia e estamos passando por aquela onda do faz de contas, muita conversa de pol\u00edticos de plant\u00e3o estacionando suas carruagens de moedas falsas, querendo salvar a nossa cidade desse marasmo, mergulhada ainda diante de tantos desencontros de p\u00e9ssimas administra\u00e7\u00f5es! Felizmente estamos vivenciando a\u00e7\u00f5es de consertos em ruas e [&hellip;]<\/p>\n","protected":false},"author":2,"featured_media":0,"comment_status":"open","ping_status":"open","sticky":false,"template":"","format":"standard","meta":{"_links_to":"","_links_to_target":""},"categories":[10],"tags":[],"_links":{"self":[{"href":"https:\/\/www.r2cpress.com.br\/v1\/wp-json\/wp\/v2\/posts\/72352"}],"collection":[{"href":"https:\/\/www.r2cpress.com.br\/v1\/wp-json\/wp\/v2\/posts"}],"about":[{"href":"https:\/\/www.r2cpress.com.br\/v1\/wp-json\/wp\/v2\/types\/post"}],"author":[{"embeddable":true,"href":"https:\/\/www.r2cpress.com.br\/v1\/wp-json\/wp\/v2\/users\/2"}],"replies":[{"embeddable":true,"href":"https:\/\/www.r2cpress.com.br\/v1\/wp-json\/wp\/v2\/comments?post=72352"}],"version-history":[{"count":3,"href":"https:\/\/www.r2cpress.com.br\/v1\/wp-json\/wp\/v2\/posts\/72352\/revisions"}],"predecessor-version":[{"id":72355,"href":"https:\/\/www.r2cpress.com.br\/v1\/wp-json\/wp\/v2\/posts\/72352\/revisions\/72355"}],"wp:attachment":[{"href":"https:\/\/www.r2cpress.com.br\/v1\/wp-json\/wp\/v2\/media?parent=72352"}],"wp:term":[{"taxonomy":"category","embeddable":true,"href":"https:\/\/www.r2cpress.com.br\/v1\/wp-json\/wp\/v2\/categories?post=72352"},{"taxonomy":"post_tag","embeddable":true,"href":"https:\/\/www.r2cpress.com.br\/v1\/wp-json\/wp\/v2\/tags?post=72352"}],"curies":[{"name":"wp","href":"https:\/\/api.w.org\/{rel}","templated":true}]}}