{"id":72373,"date":"2013-09-21T17:09:23","date_gmt":"2013-09-21T20:09:23","guid":{"rendered":"http:\/\/www.r2cpress.com.br\/v1\/?p=72373"},"modified":"2013-09-21T17:09:23","modified_gmt":"2013-09-21T20:09:23","slug":"ultimo-corpo-de-naufragio-em-ilheus-e-encontrado","status":"publish","type":"post","link":"https:\/\/www.r2cpress.com.br\/v1\/2013\/09\/21\/ultimo-corpo-de-naufragio-em-ilheus-e-encontrado\/","title":{"rendered":"\u00daltimo corpo de naufr\u00e1gio em Ilh\u00e9us \u00e9 encontrado"},"content":{"rendered":"<p><em><strong><a href=\"http:\/\/ads.globo.com\/RealMedia\/ads\/click_lx.ads\/afcorreio\/noticias\/1188063493\/Frame1\/default\/empty.gif\/757654527431487a31506f414169326d\" target=\"_top\"><img loading=\"lazy\" alt=\"\" src=\"http:\/\/ads.globo.com\/RealMedia\/ads\/Creatives\/default\/empty.gif\" width=\"1\" height=\"1\" border=\"0\" \/><\/a>Lancha com seis tripulantes emborcou e fez quatro v\u00edtimas no sul. Dois tripulantes conseguiram nadar at\u00e9 a praia<\/strong><\/em><\/p>\n<div id=\"conteudo\">\n<div>\n<div id=\"detalhamento\">\n<div id=\"ferramentas_2\"><\/div>\n<p>O corpo de Joel Ara\u00fajo de Matos, de 29 anos, foi encontrado por volta das 9h deste s\u00e1bado (21) pela Delegacia da Capitania dos Portos em Ilh\u00e9us (DelIlh\u00e9us). A v\u00edtima foi avistada em uma praia, a cerca de 4 km ao sul do local do acidente.<\/p>\n<div>\n<p>Joel era um dos seis tripulantes a bordo da lancha &#8216;Sonho Meu I&#8217;, que ficou \u00e0 deriva e depois emborcou nas proximidades da praia Boca da Barra, na \u00faltima ter\u00e7a-feira (17). Segundo o Comando do 2\u00ba Distrito Naval (Com2\u00baDN), Marcelo Ribeiro Oliveira, de 32 anos, e Marcos Lu\u00eds Campos Junior, de 31 anos, foram os \u00fanicos tripulantes que conseguiram nadar at\u00e9 a praia.<\/p>\n<p><b>Leia mais:<br \/>\n<a title=\"Opens external link in new window\" href=\"http:\/\/www.correio24horas.com.br\/noticias\/detalhes\/detalhes-1\/artigo\/corpo-de-terceira-vitima-de-naufragio-em-ilheus-e-encontrado\/\" target=\"_blank\">Corpo de terceira v\u00edtima de naufr\u00e1gio em Ilh\u00e9us \u00e9 encontrado<\/a><br \/>\n<\/b><a title=\"Opens external link in new window\" href=\"http:\/\/www.correio24horas.com.br\/noticias\/detalhes\/detalhes-1\/artigo\/marinha-faz-buscas-a-4-tripulantes-de-lancha-que-naufragou-em-ilheus\/\" target=\"_blank\"><b>Marinha faz buscas a 4 tripulantes de lancha que naufragou em Ilh\u00e9us<\/b><\/a><\/p>\n<p>Os corpos de Robson Sena Sampaio, de 33 anos, e Carlos Augusto dos Santos Alves, de 46 anos, foram encontrados na tarde de quarta-feira (18) a cerca de 3 milhas n\u00e1uticas do local do acidente, por militares da Delegacia da Capitania dos Portos em Ilh\u00e9us (DelIlh\u00e9us). J\u00e1 Nelson Bispo dos Santos, 63 anos, foi encontrado na manh\u00e3 de sexta-feira (20) em uma praia da cidade. A v\u00edtima foi reconhecida pelo filho no Departamento de Pol\u00edcia T\u00e9cnica (DPT).<\/p>\n<p>Um Inqu\u00e9rito Administrativo sobre Acidentes e Fatos da Navega\u00e7\u00e3o (IAFN), com prazo de noventa dias para conclus\u00e3o, foi instaurado pela DelIlh\u00e9us a fim de apurar as causas e responsabilidades pelo ocorrido.<\/p>\n<p>Mat\u00e9ria original: iBahia<br \/>\n<a title=\"Opens external link in new window\" href=\"http:\/\/www.ibahia.com\/detalhe\/noticia\/ultimo-corpo-de-naufragio-em-ilheus-e-encontrado\/?cHash=f6875058ef7f4cabc381dbc006dda5de\" target=\"_blank\">\u00daltimo corpo de naufr\u00e1gio em Ilh\u00e9us \u00e9 encontrado<\/a><\/p>\n<p><b>Da Reda\u00e7\u00e3o<\/b><\/p>\n<p><strong>CORREIO DA BAHIA<\/strong><\/p>\n<p><strong>http:\/\/www.correio24horas.com.br\/noticias\/detalhes\/detalhes-1\/artigo\/ultimo-corpo-de-naufragio-em-ilheus-e-encontrado\/<\/strong><\/p>\n<\/div>\n<\/div>\n<\/div>\n<\/div>\n","protected":false},"excerpt":{"rendered":"<p>Lancha com seis tripulantes emborcou e fez quatro v\u00edtimas no sul. Dois tripulantes conseguiram nadar at\u00e9 a praia O corpo de Joel Ara\u00fajo de Matos, de 29 anos, foi encontrado por volta das 9h deste s\u00e1bado (21) pela Delegacia da Capitania dos Portos em Ilh\u00e9us (DelIlh\u00e9us). A v\u00edtima foi avistada em uma praia, a cerca [&hellip;]<\/p>\n","protected":false},"author":2,"featured_media":0,"comment_status":"open","ping_status":"open","sticky":false,"template":"","format":"standard","meta":{"_links_to":"","_links_to_target":""},"categories":[13],"tags":[],"_links":{"self":[{"href":"https:\/\/www.r2cpress.com.br\/v1\/wp-json\/wp\/v2\/posts\/72373"}],"collection":[{"href":"https:\/\/www.r2cpress.com.br\/v1\/wp-json\/wp\/v2\/posts"}],"about":[{"href":"https:\/\/www.r2cpress.com.br\/v1\/wp-json\/wp\/v2\/types\/post"}],"author":[{"embeddable":true,"href":"https:\/\/www.r2cpress.com.br\/v1\/wp-json\/wp\/v2\/users\/2"}],"replies":[{"embeddable":true,"href":"https:\/\/www.r2cpress.com.br\/v1\/wp-json\/wp\/v2\/comments?post=72373"}],"version-history":[{"count":4,"href":"https:\/\/www.r2cpress.com.br\/v1\/wp-json\/wp\/v2\/posts\/72373\/revisions"}],"predecessor-version":[{"id":72377,"href":"https:\/\/www.r2cpress.com.br\/v1\/wp-json\/wp\/v2\/posts\/72373\/revisions\/72377"}],"wp:attachment":[{"href":"https:\/\/www.r2cpress.com.br\/v1\/wp-json\/wp\/v2\/media?parent=72373"}],"wp:term":[{"taxonomy":"category","embeddable":true,"href":"https:\/\/www.r2cpress.com.br\/v1\/wp-json\/wp\/v2\/categories?post=72373"},{"taxonomy":"post_tag","embeddable":true,"href":"https:\/\/www.r2cpress.com.br\/v1\/wp-json\/wp\/v2\/tags?post=72373"}],"curies":[{"name":"wp","href":"https:\/\/api.w.org\/{rel}","templated":true}]}}