{"id":72380,"date":"2013-09-21T19:01:49","date_gmt":"2013-09-21T22:01:49","guid":{"rendered":"http:\/\/www.r2cpress.com.br\/v1\/?p=72380"},"modified":"2013-09-21T19:01:49","modified_gmt":"2013-09-21T22:01:49","slug":"mais-um-verao-desperdicado","status":"publish","type":"post","link":"https:\/\/www.r2cpress.com.br\/v1\/2013\/09\/21\/mais-um-verao-desperdicado\/","title":{"rendered":"MAIS UM VER\u00c3O DESPERDI\u00c7ADO"},"content":{"rendered":"<p><img loading=\"lazy\" src=\"http:\/\/www.r2cpress.com.br\/v1\/wp-content\/uploads\/NILSON-PESSOA_MODIFICADA.jpg\" width=\"300\" height=\"209\" class=\"alignleft\" \/>Chegamos \u00e0 primavera. N\u00e3o que o nosso inverno seja ruim mas, por esse ano, deu o que tinha que dar. Coisas da m\u00e3e natureza. Logo logo chega o ver\u00e3o.<br \/>\nSer\u00e1 mais um ver\u00e3o desperdi\u00e7ado, no sentido de aproveitamento do vasto potencial tur\u00edstico da cidade.<br \/>\nO potencial de Ilh\u00e9us continuar\u00e1 sendo subaproveitado e prevalecer\u00e1 o amadorismo. O atendimento nas lojas, bares, cabanas e restaurantes continuar\u00e1 o pior poss\u00edvel, a cidade suja e os turistas queixosos, prometendo n\u00e3o retornar. Verdadeiro desperd\u00edcio.<br \/>\nN\u00e3o precisamos ir longe para aprender a forma de tratar o turismo como uma atividade econ\u00f4mica lucrativa. Itacar\u00e9, aqui do lado, pode nos ensinar alguma coisa. Porto Seguro, tamb\u00e9m perto, \u00e9 refer\u00eancia em turismo no Nordeste. Convenhamos, n\u00e3o \u00e9 nenhum bicho de sete cabe\u00e7as. O principal (e mais dif\u00edcil) j\u00e1 temos: o bel\u00edssimo litoral e outras incr\u00edveis belezas naturais, a hist\u00f3ria, o grande Jorge Amado e o que ainda se mant\u00e9m preservado da arquitetura antiga. Nos faltam o discernimento e a vontade de deslanchar. Nos falta, por exemplo, um restaurante num local paradis\u00edaco, com uma das melhores vistas panor\u00e2micas da cidade, mas que n\u00e3o seja &#8220;s\u00f3 para os amigos&#8221;.  Nos falta o tino do com\u00e9rcio, para percebermos que n\u00e3o estamos fazendo nenhum favor ao cliente, seja turista ou nativo, pois \u00e9 ele quem paga o sustento do comerciante e dos seus empregados. Nos falta deixar de lado o olho grande e cobrarmos pre\u00e7os justos e competitivos pelas mercadorias vendidas. Nos falta acabar com a mesquinharia de quem n\u00e3o tem a menor vis\u00e3o de neg\u00f3cio quando alega que &#8220;n\u00e3o aceito cart\u00e3o porque as taxas s\u00e3o altas&#8221;. Isso \u00e9 rid\u00edculo, totalmente amador, pensamento tacanho de quem n\u00e3o consegue sequer raciocinar o consequente aumento nas vendas.<br \/>\nEnfim, nos falta aprender que ainda existe vida sem o cacau&#8230;<\/p>\n<p><em><strong>Nilson Pessoa<\/strong><\/em><\/p>\n","protected":false},"excerpt":{"rendered":"<p>Chegamos \u00e0 primavera. N\u00e3o que o nosso inverno seja ruim mas, por esse ano, deu o que tinha que dar. Coisas da m\u00e3e natureza. Logo logo chega o ver\u00e3o. Ser\u00e1 mais um ver\u00e3o desperdi\u00e7ado, no sentido de aproveitamento do vasto potencial tur\u00edstico da cidade. O potencial de Ilh\u00e9us continuar\u00e1 sendo subaproveitado e prevalecer\u00e1 o amadorismo. [&hellip;]<\/p>\n","protected":false},"author":2,"featured_media":0,"comment_status":"open","ping_status":"open","sticky":false,"template":"","format":"standard","meta":{"_links_to":"","_links_to_target":""},"categories":[10],"tags":[],"_links":{"self":[{"href":"https:\/\/www.r2cpress.com.br\/v1\/wp-json\/wp\/v2\/posts\/72380"}],"collection":[{"href":"https:\/\/www.r2cpress.com.br\/v1\/wp-json\/wp\/v2\/posts"}],"about":[{"href":"https:\/\/www.r2cpress.com.br\/v1\/wp-json\/wp\/v2\/types\/post"}],"author":[{"embeddable":true,"href":"https:\/\/www.r2cpress.com.br\/v1\/wp-json\/wp\/v2\/users\/2"}],"replies":[{"embeddable":true,"href":"https:\/\/www.r2cpress.com.br\/v1\/wp-json\/wp\/v2\/comments?post=72380"}],"version-history":[{"count":3,"href":"https:\/\/www.r2cpress.com.br\/v1\/wp-json\/wp\/v2\/posts\/72380\/revisions"}],"predecessor-version":[{"id":72383,"href":"https:\/\/www.r2cpress.com.br\/v1\/wp-json\/wp\/v2\/posts\/72380\/revisions\/72383"}],"wp:attachment":[{"href":"https:\/\/www.r2cpress.com.br\/v1\/wp-json\/wp\/v2\/media?parent=72380"}],"wp:term":[{"taxonomy":"category","embeddable":true,"href":"https:\/\/www.r2cpress.com.br\/v1\/wp-json\/wp\/v2\/categories?post=72380"},{"taxonomy":"post_tag","embeddable":true,"href":"https:\/\/www.r2cpress.com.br\/v1\/wp-json\/wp\/v2\/tags?post=72380"}],"curies":[{"name":"wp","href":"https:\/\/api.w.org\/{rel}","templated":true}]}}