{"id":72392,"date":"2013-09-22T08:35:31","date_gmt":"2013-09-22T11:35:31","guid":{"rendered":"http:\/\/www.r2cpress.com.br\/v1\/?p=72392"},"modified":"2013-09-22T08:35:31","modified_gmt":"2013-09-22T11:35:31","slug":"9a-edicao-do-caruru-dos-7-poetas-celebra-a-poesia-e-tradicoes-culturais-da-bahia","status":"publish","type":"post","link":"https:\/\/www.r2cpress.com.br\/v1\/2013\/09\/22\/9a-edicao-do-caruru-dos-7-poetas-celebra-a-poesia-e-tradicoes-culturais-da-bahia\/","title":{"rendered":"9\u00aa Edi\u00e7\u00e3o do Caruru dos 7 Poetas celebra a poesia e tradi\u00e7\u00f5es culturais da Bahia"},"content":{"rendered":"<p><center><iframe loading=\"lazy\" src=\"http:\/\/www.slideshare.net\/slideshow\/embed_code\/26427359\" width=\"479\" height=\"511\" frameborder=\"0\" marginwidth=\"0\" marginheight=\"0\" scrolling=\"no\" style=\"border:1px solid #CCC;border-width:1px 1px 0;margin-bottom:5px\" allowfullscreen webkitallowfullscreen mozallowfullscreen> <\/iframe> <\/p>\n<div style=\"margin-bottom:5px\"> <strong> <a href=\"https:\/\/www.slideshare.net\/r2cpress\/9-edio-do-caruru-dos-7-poetas-celebra-a-poesia-e-tradies-culturais-da-bahia\" title=\"9\u00aa edi\u00e7\u00e3o do caruru dos 7 poetas celebra a poesia e tradi\u00e7\u00f5es culturais da bahia\" target=\"_blank\">9\u00aa edi\u00e7\u00e3o do caruru dos 7 poetas celebra a poesia e tradi\u00e7\u00f5es culturais da bahia<\/a> <\/strong> from <strong><a href=\"http:\/\/www.slideshare.net\/r2cpress\" target=\"_blank\">Roberto Rabat Chame<\/a><\/strong> <\/div>\n<p><strong>Para ler em TELA CHEIA clique onde est\u00e3o as 4 setinhas (Lado direito).<\/strong><\/center><\/p>\n","protected":false},"excerpt":{"rendered":"<p>9\u00aa edi\u00e7\u00e3o do caruru dos 7 poetas celebra a poesia e tradi\u00e7\u00f5es culturais da bahia from Roberto Rabat Chame Para ler em TELA CHEIA clique onde est\u00e3o as 4 setinhas (Lado direito).<\/p>\n","protected":false},"author":2,"featured_media":0,"comment_status":"open","ping_status":"open","sticky":false,"template":"","format":"standard","meta":{"_links_to":"","_links_to_target":""},"categories":[5],"tags":[],"_links":{"self":[{"href":"https:\/\/www.r2cpress.com.br\/v1\/wp-json\/wp\/v2\/posts\/72392"}],"collection":[{"href":"https:\/\/www.r2cpress.com.br\/v1\/wp-json\/wp\/v2\/posts"}],"about":[{"href":"https:\/\/www.r2cpress.com.br\/v1\/wp-json\/wp\/v2\/types\/post"}],"author":[{"embeddable":true,"href":"https:\/\/www.r2cpress.com.br\/v1\/wp-json\/wp\/v2\/users\/2"}],"replies":[{"embeddable":true,"href":"https:\/\/www.r2cpress.com.br\/v1\/wp-json\/wp\/v2\/comments?post=72392"}],"version-history":[{"count":2,"href":"https:\/\/www.r2cpress.com.br\/v1\/wp-json\/wp\/v2\/posts\/72392\/revisions"}],"predecessor-version":[{"id":72394,"href":"https:\/\/www.r2cpress.com.br\/v1\/wp-json\/wp\/v2\/posts\/72392\/revisions\/72394"}],"wp:attachment":[{"href":"https:\/\/www.r2cpress.com.br\/v1\/wp-json\/wp\/v2\/media?parent=72392"}],"wp:term":[{"taxonomy":"category","embeddable":true,"href":"https:\/\/www.r2cpress.com.br\/v1\/wp-json\/wp\/v2\/categories?post=72392"},{"taxonomy":"post_tag","embeddable":true,"href":"https:\/\/www.r2cpress.com.br\/v1\/wp-json\/wp\/v2\/tags?post=72392"}],"curies":[{"name":"wp","href":"https:\/\/api.w.org\/{rel}","templated":true}]}}