{"id":72400,"date":"2013-09-22T18:36:20","date_gmt":"2013-09-22T21:36:20","guid":{"rendered":"http:\/\/www.r2cpress.com.br\/v1\/?p=72400"},"modified":"2013-09-22T18:36:20","modified_gmt":"2013-09-22T21:36:20","slug":"dia-da-arvore-2013","status":"publish","type":"post","link":"https:\/\/www.r2cpress.com.br\/v1\/2013\/09\/22\/dia-da-arvore-2013\/","title":{"rendered":"DIA DA \u00c1RVORE 2013"},"content":{"rendered":"<p>Pelo terceiro ano, organizei o Dia da \u00e1rvore, envolvendo crian\u00e7as do Condom\u00ednio e da Comunidade. Elas plantaram 12 \u00e1rvores.<\/p>\n<div id=\"attachment_72401\" style=\"width: 514px\" class=\"wp-caption aligncenter\"><a href=\"http:\/\/www.r2cpress.com.br\/v1\/wp-content\/uploads\/DIA-DA-\u00c1RVORE-LUIZ-FERREIRA-2013.jpg\"><img aria-describedby=\"caption-attachment-72401\" loading=\"lazy\" class=\"size-full wp-image-72401\" alt=\"DIA DA \u00c1RVORE LUIZ FERREIRA 2013\" src=\"http:\/\/www.r2cpress.com.br\/v1\/wp-content\/uploads\/DIA-DA-\u00c1RVORE-LUIZ-FERREIRA-2013.jpg\" width=\"504\" height=\"254\" srcset=\"https:\/\/www.r2cpress.com.br\/v1\/wp-content\/uploads\/DIA-DA-\u00c1RVORE-LUIZ-FERREIRA-2013.jpg 504w, https:\/\/www.r2cpress.com.br\/v1\/wp-content\/uploads\/DIA-DA-\u00c1RVORE-LUIZ-FERREIRA-2013-300x151.jpg 300w\" sizes=\"(max-width: 504px) 100vw, 504px\" \/><\/a><p id=\"caption-attachment-72401\" class=\"wp-caption-text\">LUIZ FERREIRA_DIA DA \u00c1RVORE _2013<\/p><\/div>\n<p>Nos 3 anos, j\u00e1 36. A presen\u00e7a dos meninos pobres de escolas p\u00fablicas municipais (Barra de S\u00e3o Miguel) tem sido o ponto alto do evento. Eles d\u00e3o um show de disciplina e civilidade, sabendo cantar compenetrados o Hino Nacional com a m\u00e3o no peito e participar com alegria dos plantios. Ao final, um lanche, sem balb\u00fardia e sem sujeira. Um exemplo para os de casa.<br \/>\nSDS,<\/p>\n<p>&#8212;<br \/>\nLuiz Ferreira da Silva<br \/>\nEngenheiro-Agr\u00f4nomo (UFRRJ, 1962), Pesquisador aposentado\/Solos Tropicais (CEPLAC, BA) e Escritor.<br \/>\nPonta Verde, Macei\u00f3, Alagoas.<br \/>\nluizferreira1937@gmail.com<br \/>\nluizferreira1937@superig.com.br<br \/>\nSkype: luizferreiradasi ou luizferreira1937.<\/p>\n","protected":false},"excerpt":{"rendered":"<p>Pelo terceiro ano, organizei o Dia da \u00e1rvore, envolvendo crian\u00e7as do Condom\u00ednio e da Comunidade. Elas plantaram 12 \u00e1rvores. Nos 3 anos, j\u00e1 36. A presen\u00e7a dos meninos pobres de escolas p\u00fablicas municipais (Barra de S\u00e3o Miguel) tem sido o ponto alto do evento. Eles d\u00e3o um show de disciplina e civilidade, sabendo cantar compenetrados [&hellip;]<\/p>\n","protected":false},"author":2,"featured_media":0,"comment_status":"open","ping_status":"open","sticky":false,"template":"","format":"standard","meta":{"_links_to":"","_links_to_target":""},"categories":[10],"tags":[],"_links":{"self":[{"href":"https:\/\/www.r2cpress.com.br\/v1\/wp-json\/wp\/v2\/posts\/72400"}],"collection":[{"href":"https:\/\/www.r2cpress.com.br\/v1\/wp-json\/wp\/v2\/posts"}],"about":[{"href":"https:\/\/www.r2cpress.com.br\/v1\/wp-json\/wp\/v2\/types\/post"}],"author":[{"embeddable":true,"href":"https:\/\/www.r2cpress.com.br\/v1\/wp-json\/wp\/v2\/users\/2"}],"replies":[{"embeddable":true,"href":"https:\/\/www.r2cpress.com.br\/v1\/wp-json\/wp\/v2\/comments?post=72400"}],"version-history":[{"count":4,"href":"https:\/\/www.r2cpress.com.br\/v1\/wp-json\/wp\/v2\/posts\/72400\/revisions"}],"predecessor-version":[{"id":72405,"href":"https:\/\/www.r2cpress.com.br\/v1\/wp-json\/wp\/v2\/posts\/72400\/revisions\/72405"}],"wp:attachment":[{"href":"https:\/\/www.r2cpress.com.br\/v1\/wp-json\/wp\/v2\/media?parent=72400"}],"wp:term":[{"taxonomy":"category","embeddable":true,"href":"https:\/\/www.r2cpress.com.br\/v1\/wp-json\/wp\/v2\/categories?post=72400"},{"taxonomy":"post_tag","embeddable":true,"href":"https:\/\/www.r2cpress.com.br\/v1\/wp-json\/wp\/v2\/tags?post=72400"}],"curies":[{"name":"wp","href":"https:\/\/api.w.org\/{rel}","templated":true}]}}