{"id":72406,"date":"2013-09-22T20:17:26","date_gmt":"2013-09-22T23:17:26","guid":{"rendered":"http:\/\/www.r2cpress.com.br\/v1\/?p=72406"},"modified":"2013-09-22T20:17:26","modified_gmt":"2013-09-22T23:17:26","slug":"tambien-en-el-blog-del-pintor-miguel-elias","status":"publish","type":"post","link":"https:\/\/www.r2cpress.com.br\/v1\/2013\/09\/22\/tambien-en-el-blog-del-pintor-miguel-elias\/","title":{"rendered":"Tambi\u00e9n en el blog del pintor miguel El\u00edas"},"content":{"rendered":"<div>Caros Amigos e Amigas<\/p>\n<p>Quero compartilhar com voc\u00eas o momento prazeroso que a literatura\u00a0 est\u00e1 me oferecendo com a divulga\u00e7\u00e3o um pouco de minha obra po\u00e9tica em salamanca, espanha, quando irei participar do XVI Encontro de Poertas Iberoamericanos, nos dias 2 e 3 de outubro.<\/p><\/div>\n<div><\/div>\n<div><a href=\"http:\/\/cuadernosdepintor.blogspot.com.es\/2013\/09\/poemas-del-gran-poeta-brasileno-cyro.html\" target=\"_blank\">http:\/\/cuadernosdepintor.<wbr><\/wbr>blogspot.com.es\/2013\/09\/<wbr><\/wbr>poemas-del-gran-poeta-<wbr><\/wbr>brasileno-cyro.html<\/a><\/div>\n<div><\/div>\n<div>Abra\u00e7os,<\/div>\n<div><\/div>\n<div>Cyro de Mattos<\/div>\n","protected":false},"excerpt":{"rendered":"<p>Caros Amigos e Amigas Quero compartilhar com voc\u00eas o momento prazeroso que a literatura\u00a0 est\u00e1 me oferecendo com a divulga\u00e7\u00e3o um pouco de minha obra po\u00e9tica em salamanca, espanha, quando irei participar do XVI Encontro de Poertas Iberoamericanos, nos dias 2 e 3 de outubro. http:\/\/cuadernosdepintor.blogspot.com.es\/2013\/09\/poemas-del-gran-poeta-brasileno-cyro.html Abra\u00e7os, Cyro de Mattos<\/p>\n","protected":false},"author":2,"featured_media":0,"comment_status":"open","ping_status":"open","sticky":false,"template":"","format":"standard","meta":{"_links_to":"","_links_to_target":""},"categories":[5],"tags":[],"_links":{"self":[{"href":"https:\/\/www.r2cpress.com.br\/v1\/wp-json\/wp\/v2\/posts\/72406"}],"collection":[{"href":"https:\/\/www.r2cpress.com.br\/v1\/wp-json\/wp\/v2\/posts"}],"about":[{"href":"https:\/\/www.r2cpress.com.br\/v1\/wp-json\/wp\/v2\/types\/post"}],"author":[{"embeddable":true,"href":"https:\/\/www.r2cpress.com.br\/v1\/wp-json\/wp\/v2\/users\/2"}],"replies":[{"embeddable":true,"href":"https:\/\/www.r2cpress.com.br\/v1\/wp-json\/wp\/v2\/comments?post=72406"}],"version-history":[{"count":3,"href":"https:\/\/www.r2cpress.com.br\/v1\/wp-json\/wp\/v2\/posts\/72406\/revisions"}],"predecessor-version":[{"id":72409,"href":"https:\/\/www.r2cpress.com.br\/v1\/wp-json\/wp\/v2\/posts\/72406\/revisions\/72409"}],"wp:attachment":[{"href":"https:\/\/www.r2cpress.com.br\/v1\/wp-json\/wp\/v2\/media?parent=72406"}],"wp:term":[{"taxonomy":"category","embeddable":true,"href":"https:\/\/www.r2cpress.com.br\/v1\/wp-json\/wp\/v2\/categories?post=72406"},{"taxonomy":"post_tag","embeddable":true,"href":"https:\/\/www.r2cpress.com.br\/v1\/wp-json\/wp\/v2\/tags?post=72406"}],"curies":[{"name":"wp","href":"https:\/\/api.w.org\/{rel}","templated":true}]}}