{"id":72424,"date":"2013-09-23T08:04:07","date_gmt":"2013-09-23T11:04:07","guid":{"rendered":"http:\/\/www.r2cpress.com.br\/v1\/?p=72424"},"modified":"2013-09-23T08:04:07","modified_gmt":"2013-09-23T11:04:07","slug":"farmaceuticos-poderao-prescrever-remedios-que-nao-exijam-prescricao-medica","status":"publish","type":"post","link":"https:\/\/www.r2cpress.com.br\/v1\/2013\/09\/23\/farmaceuticos-poderao-prescrever-remedios-que-nao-exijam-prescricao-medica\/","title":{"rendered":"Farmac\u00eauticos poder\u00e3o prescrever rem\u00e9dios que n\u00e3o exijam prescri\u00e7\u00e3o m\u00e9dica"},"content":{"rendered":"<h3>Uma resolu\u00e7\u00e3o do Conselho Federal de Farm\u00e1cia sobre o caso ser\u00e1 publicada na pr\u00f3xima quarta-feira (25)<\/h3>\n<p>Na quarta-feira (25) o Conselho Federal de Farm\u00e1cia vai publicar uma nova resolu\u00e7\u00e3o no Di\u00e1rio Oficial da Uni\u00e3o, autorizando os farmac\u00eauticos de todo o pa\u00eds de prescreverem rem\u00e9dios sem a exig\u00eancia de uma prescri\u00e7\u00e3o m\u00e9dica, como analg\u00e9sicos e antit\u00e9rmicos, segundo informa\u00e7\u00f5es da &#8216;Folha de S. Paulo&#8217;.<\/p>\n<div>\n<p>A decis\u00e3o, no entanto, ter\u00e1 180 dias para ser implantada. Ap\u00f3s o prazo, os farmac\u00eauticos poder\u00e3o fazer &#8216;consultas&#8217; com os clientes e at\u00e9 passar\u00e3o a cuidar dos pequenos problemas de sa\u00fade. Al\u00e9m disso, o cliente tamb\u00e9m vai receber um receitu\u00e1rio assinado e carimbado com os dados do profissional. Ainda de acordo com o jornal, a prescri\u00e7\u00e3o n\u00e3o ser\u00e1 obrigat\u00f3ria.<\/p>\n<p>Mat\u00e9ria original: iBahia<br \/>\n<a title=\"Opens external link in new window\" href=\"http:\/\/www.ibahia.com\/detalhe\/noticia\/farmaceuticos-poderao-prescrever-remedios-que-nao-exijam-prescricao-medica\/?cHash=5113cc928182f32a0eaba9f0c526066b\" target=\"_blank\">Farmac\u00eauticos poder\u00e3o prescrever rem\u00e9dios que n\u00e3o exijam prescri\u00e7\u00e3o m\u00e9dica<\/a><\/p>\n<p><strong>No CORREIO DA BAHIA<\/strong><\/p>\n<p><b>Da Reda\u00e7\u00e3o<\/b><\/p>\n<p>http:\/\/www.correio24horas.com.br\/noticias\/detalhes\/detalhes-1\/artigo\/farmaceuticos-poderao-prescrever-remedios-que-nao-exijam-prescricao-medica\/<\/p>\n<\/div>\n","protected":false},"excerpt":{"rendered":"<p>Uma resolu\u00e7\u00e3o do Conselho Federal de Farm\u00e1cia sobre o caso ser\u00e1 publicada na pr\u00f3xima quarta-feira (25) Na quarta-feira (25) o Conselho Federal de Farm\u00e1cia vai publicar uma nova resolu\u00e7\u00e3o no Di\u00e1rio Oficial da Uni\u00e3o, autorizando os farmac\u00eauticos de todo o pa\u00eds de prescreverem rem\u00e9dios sem a exig\u00eancia de uma prescri\u00e7\u00e3o m\u00e9dica, como analg\u00e9sicos e antit\u00e9rmicos, [&hellip;]<\/p>\n","protected":false},"author":2,"featured_media":0,"comment_status":"open","ping_status":"open","sticky":false,"template":"","format":"standard","meta":{"_links_to":"","_links_to_target":""},"categories":[13],"tags":[],"_links":{"self":[{"href":"https:\/\/www.r2cpress.com.br\/v1\/wp-json\/wp\/v2\/posts\/72424"}],"collection":[{"href":"https:\/\/www.r2cpress.com.br\/v1\/wp-json\/wp\/v2\/posts"}],"about":[{"href":"https:\/\/www.r2cpress.com.br\/v1\/wp-json\/wp\/v2\/types\/post"}],"author":[{"embeddable":true,"href":"https:\/\/www.r2cpress.com.br\/v1\/wp-json\/wp\/v2\/users\/2"}],"replies":[{"embeddable":true,"href":"https:\/\/www.r2cpress.com.br\/v1\/wp-json\/wp\/v2\/comments?post=72424"}],"version-history":[{"count":3,"href":"https:\/\/www.r2cpress.com.br\/v1\/wp-json\/wp\/v2\/posts\/72424\/revisions"}],"predecessor-version":[{"id":72427,"href":"https:\/\/www.r2cpress.com.br\/v1\/wp-json\/wp\/v2\/posts\/72424\/revisions\/72427"}],"wp:attachment":[{"href":"https:\/\/www.r2cpress.com.br\/v1\/wp-json\/wp\/v2\/media?parent=72424"}],"wp:term":[{"taxonomy":"category","embeddable":true,"href":"https:\/\/www.r2cpress.com.br\/v1\/wp-json\/wp\/v2\/categories?post=72424"},{"taxonomy":"post_tag","embeddable":true,"href":"https:\/\/www.r2cpress.com.br\/v1\/wp-json\/wp\/v2\/tags?post=72424"}],"curies":[{"name":"wp","href":"https:\/\/api.w.org\/{rel}","templated":true}]}}