{"id":72428,"date":"2013-09-23T09:19:50","date_gmt":"2013-09-23T12:19:50","guid":{"rendered":"http:\/\/www.r2cpress.com.br\/v1\/?p=72428"},"modified":"2013-09-23T09:19:50","modified_gmt":"2013-09-23T12:19:50","slug":"por-causa-de-curto-circuito-emergencia-fica-sem-energia-e-funcionarios-denunciam-11-mortes","status":"publish","type":"post","link":"https:\/\/www.r2cpress.com.br\/v1\/2013\/09\/23\/por-causa-de-curto-circuito-emergencia-fica-sem-energia-e-funcionarios-denunciam-11-mortes\/","title":{"rendered":"Por causa de curto-circuito, emerg\u00eancia fica sem energia e funcion\u00e1rios denunciam 11 mortes"},"content":{"rendered":"<div>\n<h3>O diretor do hospital informou que ocorreram oito \u00f3bitos no s\u00e1bado, nenhum deles no intervalo da queda de energia<\/h3>\n<p style=\"text-align: right;\">Foto: Divulga\u00e7\u00e3o<\/p>\n<p><img loading=\"lazy\" class=\"alignright\" id=\"fotoGrande\" title=\" \/ Foto: Divulga\u00e7\u00e3o\" alt=\"\" src=\"http:\/\/www.correio24horas.com.br\/fileadmin\/user_upload\/tt_news\/pics\/cleritonadnra.jpg\" width=\"200\" height=\"160\" \/><\/div>\n<p>Um curto-circuito em uma tomada do Hospital Geral Cl\u00e9riston Andrade, em Feira de Santana, a 109 quil\u00f4metros de Salvador, deixou parte da emerg\u00eancia sem energia por quase 10 minutos no \u00faltimo s\u00e1bado.<\/p>\n<p>Segundo o advogado Ronaldo Mendes, maqueiros denunciaram que o problema pode ter provocado 11 mortes. Ele entrou com uma representa\u00e7\u00e3o no Minist\u00e9rio P\u00fablico. O diretor do hospital, Jos\u00e9 Carlos Pitangueiras, declarou que a den\u00fancia n\u00e3o procede e vai investigar se o curto-circuito foi criminoso.<\/p>\n<p>Ele informou que ocorreram oito \u00f3bitos no s\u00e1bado, nenhum deles no intervalo da queda de energia. Ainda segundo Pitangueiras, o hospital tem quatro geradores. A Coelba negou que tenha ocorrido queda de energia na regi\u00e3o do hospital.<\/p>\n<p>&#8212;<\/p>\n<p><b>Da Reda\u00e7\u00e3o<\/b><\/p>\n<p><strong>CORREIO DA BAHIA<\/strong><\/p>\n<p>http:\/\/www.correio24horas.com.br\/noticias\/detalhes\/detalhes-3\/artigo\/por-causa-de-curto-circuito-emergencia-fica-sem-energia-e-funcionarios-denunciam-11-mortes\/<\/p>\n","protected":false},"excerpt":{"rendered":"<p>O diretor do hospital informou que ocorreram oito \u00f3bitos no s\u00e1bado, nenhum deles no intervalo da queda de energia Foto: Divulga\u00e7\u00e3o Um curto-circuito em uma tomada do Hospital Geral Cl\u00e9riston Andrade, em Feira de Santana, a 109 quil\u00f4metros de Salvador, deixou parte da emerg\u00eancia sem energia por quase 10 minutos no \u00faltimo s\u00e1bado. Segundo o [&hellip;]<\/p>\n","protected":false},"author":2,"featured_media":0,"comment_status":"open","ping_status":"open","sticky":false,"template":"","format":"standard","meta":{"_links_to":"","_links_to_target":""},"categories":[13],"tags":[],"_links":{"self":[{"href":"https:\/\/www.r2cpress.com.br\/v1\/wp-json\/wp\/v2\/posts\/72428"}],"collection":[{"href":"https:\/\/www.r2cpress.com.br\/v1\/wp-json\/wp\/v2\/posts"}],"about":[{"href":"https:\/\/www.r2cpress.com.br\/v1\/wp-json\/wp\/v2\/types\/post"}],"author":[{"embeddable":true,"href":"https:\/\/www.r2cpress.com.br\/v1\/wp-json\/wp\/v2\/users\/2"}],"replies":[{"embeddable":true,"href":"https:\/\/www.r2cpress.com.br\/v1\/wp-json\/wp\/v2\/comments?post=72428"}],"version-history":[{"count":4,"href":"https:\/\/www.r2cpress.com.br\/v1\/wp-json\/wp\/v2\/posts\/72428\/revisions"}],"predecessor-version":[{"id":72432,"href":"https:\/\/www.r2cpress.com.br\/v1\/wp-json\/wp\/v2\/posts\/72428\/revisions\/72432"}],"wp:attachment":[{"href":"https:\/\/www.r2cpress.com.br\/v1\/wp-json\/wp\/v2\/media?parent=72428"}],"wp:term":[{"taxonomy":"category","embeddable":true,"href":"https:\/\/www.r2cpress.com.br\/v1\/wp-json\/wp\/v2\/categories?post=72428"},{"taxonomy":"post_tag","embeddable":true,"href":"https:\/\/www.r2cpress.com.br\/v1\/wp-json\/wp\/v2\/tags?post=72428"}],"curies":[{"name":"wp","href":"https:\/\/api.w.org\/{rel}","templated":true}]}}