{"id":72433,"date":"2013-09-23T10:03:54","date_gmt":"2013-09-23T13:03:54","guid":{"rendered":"http:\/\/www.r2cpress.com.br\/v1\/?p=72433"},"modified":"2013-09-23T10:03:54","modified_gmt":"2013-09-23T13:03:54","slug":"deputada-reafirma-que-universidade-e-uma-vitoria-de-toda-o-sul-da-bahia","status":"publish","type":"post","link":"https:\/\/www.r2cpress.com.br\/v1\/2013\/09\/23\/deputada-reafirma-que-universidade-e-uma-vitoria-de-toda-o-sul-da-bahia\/","title":{"rendered":"Deputada reafirma que universidade \u00e9 uma vit\u00f3ria de toda o Sul da Bahia"},"content":{"rendered":"<p><a href=\"http:\/\/www.r2cpress.com.br\/v1\/wp-content\/uploads\/DEP-ANGELA-UNIVERSIDADE-MONT.jpg\"><img loading=\"lazy\" src=\"http:\/\/www.r2cpress.com.br\/v1\/wp-content\/uploads\/DEP-ANGELA-UNIVERSIDADE-MONT.jpg\" alt=\"DEP ANGELA UNIVERSIDADE MONT\" width=\"300\" height=\"151\" class=\"alignright size-full wp-image-72434\" \/><\/a>A deputada estadual \u00c2ngela Sousa (PSD) participou na tarde desta sexta-feira (20) do ato de funda\u00e7\u00e3o da Universidade Federal do Sul da Bahia (UFSB), no munic\u00edpio de Itabuna, onde vai funcionar a reitoria e o campus Jorge Amado. Na oportunidade a deputada considerou que a implanta\u00e7\u00e3o da UFSB representa muito mais que mais uma universidade, mas sim um marco no desenvolvimento de todo o interior da Bahia, que ganha equipamento que vai gerar a qualifica\u00e7\u00e3o de milhares de pessoas e que realizar\u00e1 o sonho de jovens e adultos que transformar\u00e3o em realidade o desejo de estudar em uma universidade p\u00fablica e de qualidade. \u201c\u00c9 um sonho, uma vit\u00f3ria de todo o Sul da Bahia\u201d, avaliou \u00c2ngela Sousa.<\/p>\n<p><!--more--><\/p>\n<p>A UFSB vai atender a um p\u00fablico de nove mil alunos matriculados por ano, chegando 18 mil vagas at\u00e9 2020. A previs\u00e3o \u00e9 iniciar atividades docentes no segundo semestre do pr\u00f3ximo ano. Em Itabuna v\u00e3o funcionar os Centros de Forma\u00e7\u00e3o em Ci\u00eancias, Tecnologias e Inova\u00e7\u00e3o, em Comunica\u00e7\u00e3o e Artes e o Instituto de Humanidades, Artes e Ci\u00eancias. A UFSB ter\u00e1 mais dois campi, instalados no extremo sul. Em Porto Seguro, o campus Sos\u00edgenes Costa vai oferecer Centros de Forma\u00e7\u00e3o em Ci\u00eancias Humanas e Sociais, em Ci\u00eancias Ambientais e o Instituto de Humanidades, Artes e Ci\u00eancias. Em Teixeira de Freitas, o campus Paulo Freire ter\u00e1 cursos na \u00e1rea da sa\u00fade, entre eles, o de medicina, e o instituto de Humanidades, Artes e Ci\u00eancias.<\/p>\n<p>Para a deputada estadual \u00c2ngela Sousa, a cria\u00e7\u00e3o da Universidade Federal do Sul da Bahia ser\u00e1 um passo importante na gera\u00e7\u00e3o de oportunidades para os jovens e adultos e um marco no desenvolvimento de dezenas de munic\u00edpios das regi\u00f5es Sul e Extremo Sul do estado. \u201cA cria\u00e7\u00e3o da Universidade Federal do Sul da Bahia representa a vit\u00f3ria de toda a sociedade baiana que lutou e que mostrou ao Governo Federal que \u00e9 atrav\u00e9s da educa\u00e7\u00e3o, e em especial do ensino superior, que estaremos oferecendo aos nossos jovens e adultos mais oportunidades de empregos e de uma vida muito mais digna\u201d, disse ela.<\/p>\n<p>\u00c2ngela Sousa comemorou a implanta\u00e7\u00e3o de v\u00e1rios cursos na UFSB, mas voltou a defender a cria\u00e7\u00e3o da Faculdade de Turismo na Universidade Federal do Sul da Bahia, tendo em vista a necessidade de qualifica\u00e7\u00e3o nessa \u00e1rea. Justifica a deputada estadual que o turismo \u00e9 e ser\u00e1 sempre um importante vetor de desenvolvimento do Sul e Extremo Sul da Bahia, mas \u00e9 preciso profissionalizar essa \u00e1rea, pensar esse setor de forma planejada e tratar essa quest\u00e3o como equipamento de desenvolvimento, para que possa estar gerando mais empregos, renda e oportunidades. <\/p>\n<p>\u201cOs munic\u00edpios do Sul e Extremo Sul n\u00e3o tem apenas voca\u00e7\u00e3o tur\u00edstica. Temos muito mais. Essas cidades possuem, al\u00e9m das suas incontest\u00e1veis belezas naturais, todo um potencial que precisa ser tratado, explorado e pensado de forma planejada, profissional e racional, para que o turismo n\u00e3o seja apenas uma voca\u00e7\u00e3o, mas um vetor de desenvolvimento de fato e uma fonte de gera\u00e7\u00e3o de emprego e renda\u201d, complementou. A deputada estadual justificou que essa profissionaliza\u00e7\u00e3o, planejamento e o pensar e executar o turismo passa pela cria\u00e7\u00e3o de um curso de turismo na UfSB, para que possa estar formando profissionais com conhecimento acad\u00eamico e com muito mais capacidade t\u00e9cnica e cient\u00edfica de promover os necess\u00e1rios avan\u00e7os nesse setor. <\/p>\n","protected":false},"excerpt":{"rendered":"<p>A deputada estadual \u00c2ngela Sousa (PSD) participou na tarde desta sexta-feira (20) do ato de funda\u00e7\u00e3o da Universidade Federal do Sul da Bahia (UFSB), no munic\u00edpio de Itabuna, onde vai funcionar a reitoria e o campus Jorge Amado. Na oportunidade a deputada considerou que a implanta\u00e7\u00e3o da UFSB representa muito mais que mais uma universidade, [&hellip;]<\/p>\n","protected":false},"author":2,"featured_media":0,"comment_status":"open","ping_status":"open","sticky":false,"template":"","format":"standard","meta":{"_links_to":"","_links_to_target":""},"categories":[22],"tags":[],"_links":{"self":[{"href":"https:\/\/www.r2cpress.com.br\/v1\/wp-json\/wp\/v2\/posts\/72433"}],"collection":[{"href":"https:\/\/www.r2cpress.com.br\/v1\/wp-json\/wp\/v2\/posts"}],"about":[{"href":"https:\/\/www.r2cpress.com.br\/v1\/wp-json\/wp\/v2\/types\/post"}],"author":[{"embeddable":true,"href":"https:\/\/www.r2cpress.com.br\/v1\/wp-json\/wp\/v2\/users\/2"}],"replies":[{"embeddable":true,"href":"https:\/\/www.r2cpress.com.br\/v1\/wp-json\/wp\/v2\/comments?post=72433"}],"version-history":[{"count":3,"href":"https:\/\/www.r2cpress.com.br\/v1\/wp-json\/wp\/v2\/posts\/72433\/revisions"}],"predecessor-version":[{"id":72437,"href":"https:\/\/www.r2cpress.com.br\/v1\/wp-json\/wp\/v2\/posts\/72433\/revisions\/72437"}],"wp:attachment":[{"href":"https:\/\/www.r2cpress.com.br\/v1\/wp-json\/wp\/v2\/media?parent=72433"}],"wp:term":[{"taxonomy":"category","embeddable":true,"href":"https:\/\/www.r2cpress.com.br\/v1\/wp-json\/wp\/v2\/categories?post=72433"},{"taxonomy":"post_tag","embeddable":true,"href":"https:\/\/www.r2cpress.com.br\/v1\/wp-json\/wp\/v2\/tags?post=72433"}],"curies":[{"name":"wp","href":"https:\/\/api.w.org\/{rel}","templated":true}]}}