{"id":72442,"date":"2013-09-23T11:20:14","date_gmt":"2013-09-23T14:20:14","guid":{"rendered":"http:\/\/www.r2cpress.com.br\/v1\/?p=72442"},"modified":"2013-09-23T11:20:14","modified_gmt":"2013-09-23T14:20:14","slug":"mais-medicos-ou-mais-saude","status":"publish","type":"post","link":"https:\/\/www.r2cpress.com.br\/v1\/2013\/09\/23\/mais-medicos-ou-mais-saude\/","title":{"rendered":"Mais M\u00e9dicos, ou mais sa\u00fade?"},"content":{"rendered":"<p><strong>* Antonio Carlos Lopes<\/strong><\/p>\n<p>O Governo Federal insiste em elevar o Programa Mais M\u00e9dicos ao patamar de rem\u00e9dio milagroso para a sa\u00fade p\u00fablica, a despeito das in\u00fameras falhas apresentadas desde que foi anunciado pela presidente Dilma Rousseff, em julho, na forma da Medida Provis\u00f3ria (MP) 621\/2013. A MP prev\u00ea, entre outros itens, a vinda de profissionais formados fora do Brasil sem um exame para comprovar a capacita\u00e7\u00e3o, e a cria\u00e7\u00e3o de servi\u00e7o civil obrigat\u00f3rio para os acad\u00eamicos de Medicina, equ\u00edvocos que s\u00e3o amea\u00e7as ao bem-estar da sociedade civil.<\/p>\n<p>Em uma equa\u00e7\u00e3o em que o interesse pol\u00edtico \u00e9 prioridade, a qualidade do atendimento \u00e0 popula\u00e7\u00e3o fica em \u00faltimo plano. A insist\u00eancia na falsa premissa de que trazer mais m\u00e9dicos resolver\u00e1 o problema de assist\u00eancia \u00e9 um embuste. Coisa de quem est\u00e1 acostumado a ver a sa\u00fade p\u00fablica de longe, apenas pela janela de gabinetes luxuosos.<\/p>\n<p>Quem trabalha ou \u00e9 atendido no SUS (Sistema \u00danico de Sa\u00fade) sabe que o cen\u00e1rio \u00e9 outro: n\u00e3o h\u00e1 infraestrutura m\u00ednima para assist\u00eancia human\u00edstica. Lamentavelmente, nossos governantes est\u00e3o criando duas medicinas no Brasil, uma para os pobres e outra para os ricos. Os primeiros tem que se contentar com m\u00e9dicos que chegam ao nosso pa\u00eds sem a revalida\u00e7\u00e3o do diploma, portanto sem a comprova\u00e7\u00e3o de seus conhecimentos, e com a estrutura prec\u00e1ria do SUS. J\u00e1 os mais abastados s\u00e3o atendidos pelos profissionais competentes, fazendo uso dos \u00faltimos tratamentos da Medicina e de tecnologia de ponta.<\/p>\n<p><!--more--><\/p>\n<p>A \u00fanica coisa que os idealizadores do programa precisam entender \u00e9 que m\u00e9dico sozinho n\u00e3o faz m\u00e1gica. Exames, medicamentos, instrumentos, equipe multidisciplinar s\u00e3o indispens\u00e1veis. Para os que dizem que \u00e9 melhor meio m\u00e9dico do que nenhum, vale o alerta de que um profissional mal preparado \u00e9 um grande perigo a sa\u00fade, significa curandeirismo, charlatanismo. \u00c9 por isso que as entidades m\u00e9dicas tem se mobilizado na defesa do Revalida. Por que tanto medo que o governo tem de que os formados no exterior prestem a prova? Ser\u00e1 que est\u00e3o trazendo profissionais de capacidade insuficiente de caso pensado? Sem entrar no m\u00e9rito da quest\u00e3o do aborto, me pergunto qual \u00e9 a forma\u00e7\u00e3o e o posicionamento desses m\u00e9dicos vindos da ilha comunista? Como supervision\u00e1-los dentro de uma legisla\u00e7\u00e3o moral e \u00e9tica?<\/p>\n<p>Al\u00e9m de desperdi\u00e7ar dinheiro p\u00fablico, em vez de investir em infraestrutura e pol\u00edticas p\u00fablicas de sa\u00fade efetivas, o Mais M\u00e9dicos pretende deformar a resid\u00eancia m\u00e9dica obrigando os residentes a prestar servi\u00e7o obrigat\u00f3rio durante dois anos, sem a garantia de supervis\u00e3o adequada, o que \u00e9 mais uma vez preocupante. O Ensino da Medicina como conhecemos nos moldes atuais foi estabelecido dessa forma para n\u00e3o comprometer a especializa\u00e7\u00e3o posterior.<\/p>\n<p>         As autoridades est\u00e3o transformando o m\u00e9dico em um vil\u00e3o para encobrir as terr\u00edveis condi\u00e7\u00f5es em que se encontram diversas unidades de sa\u00fade p\u00fablicas espalhadas pelo pa\u00eds, onde a situa\u00e7\u00e3o \u00e9 desesperadora tanto para o paciente quanto para o profissional de medicina. Se houvesse estrutura e se todos os direitos trabalhistas fossem respeitados, n\u00e3o faltariam profissionais em nenhum canto do Brasil.<\/p>\n<p>O Programa Mais M\u00e9dicos nada mais \u00e9 que um engodo eleitoreiro lan\u00e7ado por pessoas com exclusiva cobi\u00e7a pelo pleito de 2014. Portanto, n\u00e3o se enganem com uma solu\u00e7\u00e3o simples para uma quest\u00e3o t\u00e3o complexa como a sa\u00fade p\u00fablica brasileira.<\/p>\n<p>Os m\u00e9dicos brasileiros querem uma sa\u00fade de qualidade para a popula\u00e7\u00e3o e ficar\u00e3o felizes se vierem de fora bons profissionais para ajudar na assist\u00eancia. Ali\u00e1s, n\u00e3o existe pa\u00eds para acolher t\u00e3o bem quanto o nosso. Trabalhamos com muitos colegas formados fora que comprovar\u00e3o compet\u00eancia e agregam valor ao sistema de sa\u00fade.<\/p>\n<p>Os m\u00e9dicos estrangeiros e os brasileiros formados fora daqui merecem respeito e dignidade, e n\u00e3o ficar confinados em conventos e\/ou bases militares sem passaporte, sem condi\u00e7\u00f5es de trabalho e a fam\u00edlia ao lado, como prop\u00f5e o Programa Mais M\u00e9dicos. At\u00e9 nisso observa-se a vis\u00e3o m\u00edope daqueles que defendem o programa. Infelizmente a vinda desses profissionais cubanos \u00e9 mais estrat\u00e9gia para que o dinheiro p\u00fablico do Brasil seja deliberadamente passado para Cuba.<\/p>\n<p>O que lamentamos \u00e9 o fato de o governo n\u00e3o estar bem preocupado com a sa\u00fade, e sim com as urnas. Segue sem investir na estrutura, n\u00e3o tem uma pol\u00edtica consistente para interiorizar m\u00e9dicos e outros profissionais da equipe multidisciplinar, n\u00e3o valoriza os recursos humanos nem se comove com triste realidade enfrentada por quem necessita do SUS. \u00c9 a habilidade pol\u00edtica dos profissionais em elei\u00e7\u00e3o que procuram        colocar injustamente a popula\u00e7\u00e3o contra os m\u00e9dicos a quem muitos devem a pr\u00f3pria sa\u00fade.<\/p>\n<p>Reafirmando de forma ainda mais contundente: o que est\u00e1 por traz deste programa do governo, na verdade, \u00e9 colocar a popula\u00e7\u00e3o contra os m\u00e9dicos brasileiros, absurdo do absurdo. O Sistema \u00danico de Sa\u00fade tem 25 anos, e o Partido dos Trabalhadores est\u00e1 no governo h\u00e1 13 deles. Por que s\u00f3 agora \u00e0s v\u00e9speras da elei\u00e7\u00e3o, surge essa preocupa\u00e7\u00e3o \u201cferrenha\u201d pela melhoria da sa\u00fade p\u00fablica? A resposta est\u00e1 na consci\u00eancia de todos os cidad\u00e3os.<\/p>\n<p>** Antonio Carlos Lopes, presidente da Sociedade Brasileira de Cl\u00ednica M\u00e9dica<\/p>\n","protected":false},"excerpt":{"rendered":"<p>* Antonio Carlos Lopes O Governo Federal insiste em elevar o Programa Mais M\u00e9dicos ao patamar de rem\u00e9dio milagroso para a sa\u00fade p\u00fablica, a despeito das in\u00fameras falhas apresentadas desde que foi anunciado pela presidente Dilma Rousseff, em julho, na forma da Medida Provis\u00f3ria (MP) 621\/2013. A MP prev\u00ea, entre outros itens, a vinda de [&hellip;]<\/p>\n","protected":false},"author":2,"featured_media":0,"comment_status":"open","ping_status":"open","sticky":false,"template":"","format":"standard","meta":{"_links_to":"","_links_to_target":""},"categories":[24],"tags":[],"_links":{"self":[{"href":"https:\/\/www.r2cpress.com.br\/v1\/wp-json\/wp\/v2\/posts\/72442"}],"collection":[{"href":"https:\/\/www.r2cpress.com.br\/v1\/wp-json\/wp\/v2\/posts"}],"about":[{"href":"https:\/\/www.r2cpress.com.br\/v1\/wp-json\/wp\/v2\/types\/post"}],"author":[{"embeddable":true,"href":"https:\/\/www.r2cpress.com.br\/v1\/wp-json\/wp\/v2\/users\/2"}],"replies":[{"embeddable":true,"href":"https:\/\/www.r2cpress.com.br\/v1\/wp-json\/wp\/v2\/comments?post=72442"}],"version-history":[{"count":2,"href":"https:\/\/www.r2cpress.com.br\/v1\/wp-json\/wp\/v2\/posts\/72442\/revisions"}],"predecessor-version":[{"id":72444,"href":"https:\/\/www.r2cpress.com.br\/v1\/wp-json\/wp\/v2\/posts\/72442\/revisions\/72444"}],"wp:attachment":[{"href":"https:\/\/www.r2cpress.com.br\/v1\/wp-json\/wp\/v2\/media?parent=72442"}],"wp:term":[{"taxonomy":"category","embeddable":true,"href":"https:\/\/www.r2cpress.com.br\/v1\/wp-json\/wp\/v2\/categories?post=72442"},{"taxonomy":"post_tag","embeddable":true,"href":"https:\/\/www.r2cpress.com.br\/v1\/wp-json\/wp\/v2\/tags?post=72442"}],"curies":[{"name":"wp","href":"https:\/\/api.w.org\/{rel}","templated":true}]}}