{"id":72450,"date":"2013-09-23T13:43:57","date_gmt":"2013-09-23T16:43:57","guid":{"rendered":"http:\/\/www.r2cpress.com.br\/v1\/?p=72450"},"modified":"2013-09-23T13:43:57","modified_gmt":"2013-09-23T16:43:57","slug":"veiculo-apreendido-poluicao-sonora","status":"publish","type":"post","link":"https:\/\/www.r2cpress.com.br\/v1\/2013\/09\/23\/veiculo-apreendido-poluicao-sonora\/","title":{"rendered":"Ve\u00edculo apreendido \/ Polui\u00e7\u00e3o Sonora"},"content":{"rendered":"<p>Foi apreendido no dia 22\/09\/2013, por volta das 22:50 horas, por uma Equipe de Investigadores da Delegacia de Prote\u00e7\u00e3o Ambiental \u2013 DPA, sob a coordena\u00e7\u00e3o do Dr. Eduardo Lemos Barcelos \u2013 Delegado Titular, o ve\u00edculo JRH 9542, S 10, prata, conduzida por Lazaro Rodrigues Vieira, residente no Jardim Atl\u00e2ntico, em Ilh\u00e9us\/BA, onde o mesmo trafegava com equipamento sonoro ligado em volume alto, onde no momento da abordagem est\u00e1 a 110 decib\u00e9is. O condutor do ve\u00edculo foi conduzido para a Delegacia de Prote\u00e7\u00e3o Ambiental \u2013 DPA, sede em Ilh\u00e9us\/BA para lavrar a ocorr\u00eancia e o equipamento avaliado em mais de R$ 10.000,00 foi apreendido e est\u00e1 \u00e0 disposi\u00e7\u00e3o da Justi\u00e7a. A\u00e7\u00f5es de apreens\u00e3o como essa s\u00f3 \u00e9 poss\u00edvel a partir do momento em que a sociedade passe a denunciar e registrar ocorr\u00eancia policial.<\/p>\n<p> <center>  <a href=\"http:\/\/www.r2cpress.com.br\/v1\/wp-content\/uploads\/S-10-polui\u00e7\u00e3o-apreens\u00e3o.jpg\"><img loading=\"lazy\" src=\"http:\/\/www.r2cpress.com.br\/v1\/wp-content\/uploads\/S-10-polui\u00e7\u00e3o-apreens\u00e3o.jpg\" alt=\"S 10 polui\u00e7\u00e3o apreens\u00e3o\" width=\"600\" height=\"510\" class=\"aligncenter size-full wp-image-72451\" srcset=\"https:\/\/www.r2cpress.com.br\/v1\/wp-content\/uploads\/S-10-polui\u00e7\u00e3o-apreens\u00e3o.jpg 600w, https:\/\/www.r2cpress.com.br\/v1\/wp-content\/uploads\/S-10-polui\u00e7\u00e3o-apreens\u00e3o-300x255.jpg 300w\" sizes=\"(max-width: 600px) 100vw, 600px\" \/><\/a>  <\/center><\/p>\n<p>Qualquer d\u00favida ou informa\u00e7\u00f5es:<\/p>\n<p>Delegacia de Prote\u00e7\u00e3o Ambiental \u2013 DPA<\/p>\n<p>Rua Rotary, 261, Cidade Nova, Ilh\u00e9us\/BA<\/p>\n<p>(73) 3234-8147 \/ 3234-5456<\/p>\n<p>* Atendimento ao p\u00fablico, de segunda a sexta, das 8:00 \u00e0s 12:00 e das 14:00 \u00e0s 18:00 horas.<\/p>\n<p>ASCOM \u2013 DPA \u2013 Ilh\u00e9us\/BA<\/p>\n","protected":false},"excerpt":{"rendered":"<p>Foi apreendido no dia 22\/09\/2013, por volta das 22:50 horas, por uma Equipe de Investigadores da Delegacia de Prote\u00e7\u00e3o Ambiental \u2013 DPA, sob a coordena\u00e7\u00e3o do Dr. Eduardo Lemos Barcelos \u2013 Delegado Titular, o ve\u00edculo JRH 9542, S 10, prata, conduzida por Lazaro Rodrigues Vieira, residente no Jardim Atl\u00e2ntico, em Ilh\u00e9us\/BA, onde o mesmo trafegava [&hellip;]<\/p>\n","protected":false},"author":2,"featured_media":0,"comment_status":"open","ping_status":"open","sticky":false,"template":"","format":"standard","meta":{"_links_to":"","_links_to_target":""},"categories":[25],"tags":[],"_links":{"self":[{"href":"https:\/\/www.r2cpress.com.br\/v1\/wp-json\/wp\/v2\/posts\/72450"}],"collection":[{"href":"https:\/\/www.r2cpress.com.br\/v1\/wp-json\/wp\/v2\/posts"}],"about":[{"href":"https:\/\/www.r2cpress.com.br\/v1\/wp-json\/wp\/v2\/types\/post"}],"author":[{"embeddable":true,"href":"https:\/\/www.r2cpress.com.br\/v1\/wp-json\/wp\/v2\/users\/2"}],"replies":[{"embeddable":true,"href":"https:\/\/www.r2cpress.com.br\/v1\/wp-json\/wp\/v2\/comments?post=72450"}],"version-history":[{"count":2,"href":"https:\/\/www.r2cpress.com.br\/v1\/wp-json\/wp\/v2\/posts\/72450\/revisions"}],"predecessor-version":[{"id":72453,"href":"https:\/\/www.r2cpress.com.br\/v1\/wp-json\/wp\/v2\/posts\/72450\/revisions\/72453"}],"wp:attachment":[{"href":"https:\/\/www.r2cpress.com.br\/v1\/wp-json\/wp\/v2\/media?parent=72450"}],"wp:term":[{"taxonomy":"category","embeddable":true,"href":"https:\/\/www.r2cpress.com.br\/v1\/wp-json\/wp\/v2\/categories?post=72450"},{"taxonomy":"post_tag","embeddable":true,"href":"https:\/\/www.r2cpress.com.br\/v1\/wp-json\/wp\/v2\/tags?post=72450"}],"curies":[{"name":"wp","href":"https:\/\/api.w.org\/{rel}","templated":true}]}}