{"id":72458,"date":"2013-09-23T14:13:49","date_gmt":"2013-09-23T17:13:49","guid":{"rendered":"http:\/\/www.r2cpress.com.br\/v1\/?p=72458"},"modified":"2013-09-23T14:13:49","modified_gmt":"2013-09-23T17:13:49","slug":"vereador-cosme-araujo-apresenta-projeto-de-livre-acesso-no-municipio-de-ilheus","status":"publish","type":"post","link":"https:\/\/www.r2cpress.com.br\/v1\/2013\/09\/23\/vereador-cosme-araujo-apresenta-projeto-de-livre-acesso-no-municipio-de-ilheus\/","title":{"rendered":"Vereador Cosme Ara\u00fajo apresenta Projeto de Livre Acesso no Munic\u00edpio de Ilh\u00e9us."},"content":{"rendered":"<p>A atividade parlamentar inclui como dever constitucional, definido no art. 70 da Constitui\u00e7\u00e3o Federal, a fiscaliza\u00e7\u00e3o e o controle do Poder Executivo. A Lei Org\u00e2nica Municipal determina que a C\u00e2mara exer\u00e7a a fiscaliza\u00e7\u00e3o da administra\u00e7\u00e3o financeira e or\u00e7ament\u00e1ria do Munic\u00edpio, com o aux\u00edlio do Tribunal de Contas do Estado e julgar as contas do Prefeito.<\/p>\n<p>O projeto de Lei do Vereador Cosme Ara\u00fajo (PDT), oportunamente, ser\u00e1 protocolado e apresentado na pr\u00f3xima sess\u00e3o ordin\u00e1ria da C\u00e2mara Municipal de Ilh\u00e9us, assegurando livre acesso dos vereadores ilheenses aos \u00f3rg\u00e3os da administra\u00e7\u00e3o direta e indireta do Munic\u00edpio, mesmo sem pr\u00e9vio aviso, sendo-lhes devidas todas as informa\u00e7\u00f5es necess\u00e1rias.<\/p>\n<p>Para o legislador, Cosme Ara\u00fajo, \u00e9 crescente a presen\u00e7a de empresas e outras entidades de direito privado na presta\u00e7\u00e3o de servi\u00e7os e gest\u00e3o de recursos de natureza p\u00fablica em Ilh\u00e9us, em fun\u00e7\u00e3o de concess\u00e3o, permiss\u00e3o, autoriza\u00e7\u00e3o ou transfer\u00eancia de recursos para presta\u00e7\u00e3o de servi\u00e7o p\u00fablico. \u201cPrecisamos d\u00e1 transpar\u00eancia e publiciza\u00e7\u00e3o dos atos do executivo, sempre fundamentando na verdade e nos princ\u00edpios da legalidade\u201d, pontua.<\/p>\n<p>Na opini\u00e3o do autor do projeto, torna-se premente a necessidade de criar mecanismos eficazes de fiscaliza\u00e7\u00e3o, n\u00e3o s\u00f3 da administra\u00e7\u00e3o direta e indireta, mas tamb\u00e9m dessas empresas e entidades, no que diz respeito aos procedimentos, processos, documentos, arquivos ou expedientes relativos \u00e0 concess\u00e3o, permiss\u00e3o ou autoriza\u00e7\u00e3o efetivada pelo Poder P\u00fablico Municipal ou, ainda, aos v\u00ednculos mantidos pelas entidades que lhes permitam perceber recursos p\u00fablicos do Munic\u00edpio.<\/p>\n<p>&#8212;<\/p>\n<p>AI\/VEREADOR<\/p>\n","protected":false},"excerpt":{"rendered":"<p>A atividade parlamentar inclui como dever constitucional, definido no art. 70 da Constitui\u00e7\u00e3o Federal, a fiscaliza\u00e7\u00e3o e o controle do Poder Executivo. A Lei Org\u00e2nica Municipal determina que a C\u00e2mara exer\u00e7a a fiscaliza\u00e7\u00e3o da administra\u00e7\u00e3o financeira e or\u00e7ament\u00e1ria do Munic\u00edpio, com o aux\u00edlio do Tribunal de Contas do Estado e julgar as contas do Prefeito. [&hellip;]<\/p>\n","protected":false},"author":2,"featured_media":0,"comment_status":"open","ping_status":"open","sticky":false,"template":"","format":"standard","meta":{"_links_to":"","_links_to_target":""},"categories":[22],"tags":[],"_links":{"self":[{"href":"https:\/\/www.r2cpress.com.br\/v1\/wp-json\/wp\/v2\/posts\/72458"}],"collection":[{"href":"https:\/\/www.r2cpress.com.br\/v1\/wp-json\/wp\/v2\/posts"}],"about":[{"href":"https:\/\/www.r2cpress.com.br\/v1\/wp-json\/wp\/v2\/types\/post"}],"author":[{"embeddable":true,"href":"https:\/\/www.r2cpress.com.br\/v1\/wp-json\/wp\/v2\/users\/2"}],"replies":[{"embeddable":true,"href":"https:\/\/www.r2cpress.com.br\/v1\/wp-json\/wp\/v2\/comments?post=72458"}],"version-history":[{"count":2,"href":"https:\/\/www.r2cpress.com.br\/v1\/wp-json\/wp\/v2\/posts\/72458\/revisions"}],"predecessor-version":[{"id":72461,"href":"https:\/\/www.r2cpress.com.br\/v1\/wp-json\/wp\/v2\/posts\/72458\/revisions\/72461"}],"wp:attachment":[{"href":"https:\/\/www.r2cpress.com.br\/v1\/wp-json\/wp\/v2\/media?parent=72458"}],"wp:term":[{"taxonomy":"category","embeddable":true,"href":"https:\/\/www.r2cpress.com.br\/v1\/wp-json\/wp\/v2\/categories?post=72458"},{"taxonomy":"post_tag","embeddable":true,"href":"https:\/\/www.r2cpress.com.br\/v1\/wp-json\/wp\/v2\/tags?post=72458"}],"curies":[{"name":"wp","href":"https:\/\/api.w.org\/{rel}","templated":true}]}}